{"id":813,"date":"2015-04-22T11:49:16","date_gmt":"2015-04-22T09:49:16","guid":{"rendered":"http:\/\/www.novigradsko-proljece.com\/web\/2015\/?p=813"},"modified":"2015-04-22T14:01:29","modified_gmt":"2015-04-22T12:01:29","slug":"nova-radionica-novi-voditelj","status":"publish","type":"post","link":"https:\/\/www.novigradsko-proljece.com\/web\/2015\/813\/nova-radionica-novi-voditelj\/","title":{"rendered":"Nova radionica, novi voditelj"},"content":{"rendered":"<p style=\"padding-left: 30px\">Povodom njezinog prvog dolaska na &#8220;Novigradsko prolje\u0107e&#8221; razgovarali smo s novom voditeljicom nove radionice grafi\u010dkog dizajna Feodorom Guba\u0161 \u0160tifani\u0107 te saznali ne\u0161to o radu u radionici.<\/p>\n<p style=\"padding-left: 30px\"><strong>Kako ste doznali za \u201eNovigradsko prolje\u0107e\u201c i kako ste ovdje stigli?<\/strong><\/p>\n<p style=\"text-align: justify\">Mene je zvala jedna kolegica koja je ina\u010de povjesni\u010darka umjetnosti i koja je ovdje iz Novigrada. Njen suprug vodi radionicu slikarstva pa me zvala i pitala jesam li zainteresirana voditi radionicu grafi\u010dkog dizajna, jer je postojala ideja da se takva radionica \u00a0pokrene ove godine. Dala mi je kontakt gospodina Miroslava Mi\u0107anovi\u0107a, tako sam se ja s njime dogovorila te smo krenuli u realizaciju te radionice.<\/p>\n<p style=\"text-align: justify;padding-left: 30px\"><strong>Rekli ste i sami da je to nova radionica, mo\u017eete li nam re\u0107i po \u010demu se razlikuje od grafi\u010dke radionice iz prija\u0161njih godina?<\/strong><\/p>\n<p style=\"text-align: justify\">Grafika je likovna tehnika. Ova se radionica vi\u0161e bavi vizualnom komunikacijom: kori\u0161tenjem likovnih elemenata, tipografije, slaganjem logotipa i vizualnih identiteta, kreiranjem fontova i znakova te kori\u0161tenjem tih znakova u nekim propagandnim materijalima ili memorandumima u firmama ili oglasima.<\/p>\n<p style=\"text-align: justify;padding-left: 30px\"><strong>Objasnili ste kako ste ovdje stigli, mo\u017eete li nam re\u0107i jeste li odlu\u010dili \u010dim su Vas pozvali ili ste uzeli neko vrijeme za razmi\u0161ljanje?<\/strong><\/p>\n<p style=\"text-align: justify\">Na prvu sam odlu\u010dila jer mi je ideja bila super i odli\u010dna, kreativna, ne\u0161to \u0107u novo raditi, imat \u0107u priliku prenijeti svoje znanje na nekog drugoga i to mi je bilo odli\u010dno .<\/p>\n<p style=\"text-align: justify;padding-left: 30px\"><strong>Otprije ste upoznati s radom Novigradskog prolje\u0107a?<\/strong><\/p>\n<p style=\"text-align: justify\">Da, da naravno!<\/p>\n<p style=\"text-align: justify;padding-left: 30px\"><strong>Budu\u0107i da ste znali ve\u0107 sve o NGP je li Vam mo\u017eda ikada prije na pamet pala ideja da budete voditelj neke radionice?<\/strong><\/p>\n<p style=\"text-align: justify\">U principu ne, niti sada ja nisam radila ni\u0161ta samoinicijativno u tom smislu, ali mi je bilo drago da su me pozvali.<\/p>\n<p style=\"text-align: justify;padding-left: 30px\"><strong>Iako ste upoznati s konceptom \u0160kole stvarala\u0161tva sigurno postoji ne\u0161to \u0161to Vas je iznenadilo?<\/strong><\/p>\n<p style=\"text-align: justify\">Najvi\u0161e me iznenadila ta silna energija voditelja i polaznika, te kako se u tako kratko vrijeme stigne napraviti toliko puno. Najbitnija je dobra volja i entuzijazam. Kad se to sve spoji dolaze sjajni rezultati.<\/p>\n<p style=\"text-align: justify;padding-left: 30px\"><strong>Zna\u010di, ispunili smo Va\u0161a o\u010dekivanja?<\/strong><\/p>\n<p style=\"text-align: justify\">Da, da definitivno, \u010dak i vi\u0161e nego \u0161to sam o\u010dekivala. Atmosfera mi je super, ta energija\u2026<\/p>\n<p style=\"text-align: justify;padding-left: 30px\"><strong>Prvi ste put tu, jeste li odmah u potpunosti bili sigurni ho\u0107e li ovo sve dobro pro\u0107i? Jeste li zadovoljni obavljenim radom u radionici, ne samo Vi nego i polaznici pod Va\u0161im vodstvom?<\/strong><\/p>\n<p style=\"text-align: justify\">Zapravo da, jer je i njima to ne\u0161to novo i druga\u010dije. Ja se tu snalazim, ja nisam pedago\u0161ki radnik pa je meni sad ovo sve ne\u0161to sasvim novo, meni je prvo bio problem kako svoje znanje prenijeti na nekog drugog, kad vidim da ne\u0161to \u0161teka odmah gledam kako se to mo\u017ee popraviti, ali i to je dobro, vidjeti svoje mane i nedostatke\u2026<\/p>\n<p style=\"text-align: justify;padding-left: 30px\"><strong>Zna\u010di komunikacija u radionici nije problem?<\/strong><\/p>\n<p style=\"text-align: justify\">Malo je bilo u po\u010detku, \u201etremica\u201c kao, ali u principu ne. Prvi dan smo i\u0161li pro\u0161etati malo i na sladoled da iza\u0111emo iz ovih okvira u\u010dionice.<\/p>\n<p style=\"text-align: justify;padding-left: 30px\"><strong>Je li Vam u planu nastaviti dolaziti?<\/strong><\/p>\n<p style=\"text-align: justify\">Vrlo rado.<\/p>\n","protected":false},"excerpt":{"rendered":"<p>Povodom njezinog prvog dolaska na &#8220;Novigradsko prolje\u0107e&#8221; razgovarali smo s novom voditeljicom nove radionice grafi\u010dkog dizajna Feodorom Guba\u0161 \u0160tifani\u0107 te saznali ne\u0161to o radu u radionici. Kako ste doznali za \u201eNovigradsko prolje\u0107e\u201c i kako ste ovdje stigli? Mene je zvala jedna kolegica koja je ina\u010de povjesni\u010darka umjetnosti i koja je ovdje iz Novigrada. Njen suprug [&hellip;]<\/p>\n","protected":false},"author":417,"featured_media":876,"comment_status":"open","ping_status":"open","sticky":false,"template":"","format":"standard","meta":{"footnotes":""},"categories":[111,20],"tags":[70,151,152,138],"class_list":["post-813","post","type-post","status-publish","format-standard","has-post-thumbnail","hentry","category-intervjui","category-radionica-grafickog-dizajna","tag-dizajn","tag-graficka-radionica","tag-graficki-dizajn","tag-intervju"],"views":1156,"_links":{"self":[{"href":"https:\/\/www.novigradsko-proljece.com\/web\/2015\/wp-json\/wp\/v2\/posts\/813","targetHints":{"allow":["GET"]}}],"collection":[{"href":"https:\/\/www.novigradsko-proljece.com\/web\/2015\/wp-json\/wp\/v2\/posts"}],"about":[{"href":"https:\/\/www.novigradsko-proljece.com\/web\/2015\/wp-json\/wp\/v2\/types\/post"}],"author":[{"embeddable":true,"href":"https:\/\/www.novigradsko-proljece.com\/web\/2015\/wp-json\/wp\/v2\/users\/417"}],"replies":[{"embeddable":true,"href":"https:\/\/www.novigradsko-proljece.com\/web\/2015\/wp-json\/wp\/v2\/comments?post=813"}],"version-history":[{"count":9,"href":"https:\/\/www.novigradsko-proljece.com\/web\/2015\/wp-json\/wp\/v2\/posts\/813\/revisions"}],"predecessor-version":[{"id":990,"href":"https:\/\/www.novigradsko-proljece.com\/web\/2015\/wp-json\/wp\/v2\/posts\/813\/revisions\/990"}],"wp:featuredmedia":[{"embeddable":true,"href":"https:\/\/www.novigradsko-proljece.com\/web\/2015\/wp-json\/wp\/v2\/media\/876"}],"wp:attachment":[{"href":"https:\/\/www.novigradsko-proljece.com\/web\/2015\/wp-json\/wp\/v2\/media?parent=813"}],"wp:term":[{"taxonomy":"category","embeddable":true,"href":"https:\/\/www.novigradsko-proljece.com\/web\/2015\/wp-json\/wp\/v2\/categories?post=813"},{"taxonomy":"post_tag","embeddable":true,"href":"https:\/\/www.novigradsko-proljece.com\/web\/2015\/wp-json\/wp\/v2\/tags?post=813"}],"curies":[{"name":"wp","href":"https:\/\/api.w.org\/{rel}","templated":true}]}}