{"id":761,"date":"2015-04-23T09:35:46","date_gmt":"2015-04-23T07:35:46","guid":{"rendered":"http:\/\/www.novigradsko-proljece.com\/web\/2015\/?p=761"},"modified":"2015-04-23T09:35:46","modified_gmt":"2015-04-23T07:35:46","slug":"sajam-ucenickih-radova-os-rivarela","status":"publish","type":"post","link":"https:\/\/www.novigradsko-proljece.com\/web\/2015\/761\/sajam-ucenickih-radova-os-rivarela\/","title":{"rendered":"Sajam u\u010deni\u010dkih radova O\u0160 Rivarela"},"content":{"rendered":"<p>Petu godinu zaredom \u010dlanovi u\u010deni\u010dke zadruge Apiculae Civitatis Novae iz O\u0160 Rivarela su postavile sajam ru\u010dno ra\u0111enih predmeta. Na njemu mo\u017eemo prona\u0107i mnogo toga, od ru\u010dno ra\u0111enog nakita i drvenih ku\u0107ica do jastu\u010di\u0107a s doma\u0107e uzgojenom lavandom. Kako je ova godina ujedno i jubilarna godi\u0161njica, male p\u010delice su se po\u010dele baviti i pletenjem. Rad u zadruzi podijeljen je na mnoge izvannastavne aktivnosti, a sudjeluju svi u\u010denici, od prvog do osmog razreda. Do sada su sa svojim radovima nekoliko puta sudjelovali na dr\u017eavnim smotrama, a prihode od izlo\u017ebi ula\u017eu u nove materijale za rad.<\/p>\n<p style=\"text-align: right\">Sara Borzi\u0107 i Karla U\u0161ljebrka<\/p>\n","protected":false},"excerpt":{"rendered":"<p>Saznali smo vi\u0161e o radu U\u010deni\u010dke zadruge Apiculae Civitatis Novae.<\/p>\n","protected":false},"author":409,"featured_media":834,"comment_status":"open","ping_status":"open","sticky":false,"template":"","format":"standard","meta":{"footnotes":""},"categories":[88],"tags":[157,156,158,155],"class_list":["post-761","post","type-post","status-publish","format-standard","has-post-thumbnail","hentry","category-vijesti","tag-os-rivarela","tag-rucni-rad","tag-sajam","tag-ucenicka-zadruga"],"views":926,"_links":{"self":[{"href":"https:\/\/www.novigradsko-proljece.com\/web\/2015\/wp-json\/wp\/v2\/posts\/761","targetHints":{"allow":["GET"]}}],"collection":[{"href":"https:\/\/www.novigradsko-proljece.com\/web\/2015\/wp-json\/wp\/v2\/posts"}],"about":[{"href":"https:\/\/www.novigradsko-proljece.com\/web\/2015\/wp-json\/wp\/v2\/types\/post"}],"author":[{"embeddable":true,"href":"https:\/\/www.novigradsko-proljece.com\/web\/2015\/wp-json\/wp\/v2\/users\/409"}],"replies":[{"embeddable":true,"href":"https:\/\/www.novigradsko-proljece.com\/web\/2015\/wp-json\/wp\/v2\/comments?post=761"}],"version-history":[{"count":4,"href":"https:\/\/www.novigradsko-proljece.com\/web\/2015\/wp-json\/wp\/v2\/posts\/761\/revisions"}],"predecessor-version":[{"id":1126,"href":"https:\/\/www.novigradsko-proljece.com\/web\/2015\/wp-json\/wp\/v2\/posts\/761\/revisions\/1126"}],"wp:featuredmedia":[{"embeddable":true,"href":"https:\/\/www.novigradsko-proljece.com\/web\/2015\/wp-json\/wp\/v2\/media\/834"}],"wp:attachment":[{"href":"https:\/\/www.novigradsko-proljece.com\/web\/2015\/wp-json\/wp\/v2\/media?parent=761"}],"wp:term":[{"taxonomy":"category","embeddable":true,"href":"https:\/\/www.novigradsko-proljece.com\/web\/2015\/wp-json\/wp\/v2\/categories?post=761"},{"taxonomy":"post_tag","embeddable":true,"href":"https:\/\/www.novigradsko-proljece.com\/web\/2015\/wp-json\/wp\/v2\/tags?post=761"}],"curies":[{"name":"wp","href":"https:\/\/api.w.org\/{rel}","templated":true}]}}