{"id":743,"date":"2015-04-23T09:22:34","date_gmt":"2015-04-23T07:22:34","guid":{"rendered":"http:\/\/www.novigradsko-proljece.com\/web\/2015\/?p=743"},"modified":"2015-04-23T09:22:34","modified_gmt":"2015-04-23T07:22:34","slug":"zasto-ne-disco","status":"publish","type":"post","link":"https:\/\/www.novigradsko-proljece.com\/web\/2015\/743\/zasto-ne-disco\/","title":{"rendered":"Za\u0161to NE disco?"},"content":{"rendered":"<p>Svaku ve\u010der u hotelu Laguna nakon ve\u010dernjeg programa u\u010denicima je omogu\u0107en disco program. O\u010dekujemo punu salu, no nije tako. \u0160to je tome uzrok? \u010culi smo da je prethodnih godina disco bio pun, animator Jo\u017ea poticao je djecu da se zabave, ple\u0161u, zajedno s njima bio je na plesnom podiju. \u010cak je kucao na vrata soba i izvla\u010dio djecu van. A danas? Je li uzrok glazba, dru\u0161tvene mre\u017ee, sram&#8230; ili ne\u0161to drugo? Istra\u017eili smo. Postavili smo u\u010denicima par pitanja. Mnogi misle da je uzrok to \u0161to ima malo djece njihove dobi, tj. starije djece u discu pa nemaju s kim plesati. Nekima je glazba lo\u0161a, smatraju da bi se DJ trebao malo raspitati koju glazbu djeca slu\u0161aju. Jedna cura nam je rekla da ovdje ima puno individualaca koju slu\u0161aju razli\u010ditu glazbu pa da bi glazba trebala biti nekako univerzalna, ona koju ve\u0107ina slu\u0161a, npr. rock. Neki su pak umorni poslije ve\u010dere i programa i jedva \u010dekaju vidjeti krevet pa odlaze ranije u svoje sobe. Drugi se dru\u017ee po sobama i uop\u0107e nisu dosada bili u discu. Ka\u017eu i da su sada djeca radije na dru\u0161tvenim mre\u017eama, nego na podiju. Vole taj na\u010din zabave. Generacije se mijenjaju, druga\u010diji je na\u010din zabave i ukus za glazbu. Manjina je izjavila da ih je sram plesati pa zato nisu u discu. Cilj nam je bio upitati DJ-a o tome, no nismo ga ulovili jer ovih ve\u010deri program je iz hotela preseljen dalje (u \u0161kolu, igrali\u0161te, crkvu&#8230;). No, dalo bi se zaklju\u010diti i po ju\u010dera\u0161njoj zabavi nakon pu\u0161tanja lampiona da u\u010denici vole ples i glazbu jer su nas uveseljavali svojim pjesmama uz gitaru. Samo treba pogoditi izbor. Mo\u017eda se ipak dana\u0161nja djeca manje &#8220;gibaju&#8221;, a vi\u0161e surfaju, no djeca su djeca i samo treba pogoditi \u0161to \u017eele.<\/p>\n<p style=\"text-align: right\">Paula Jozi\u0107 i Ana Lisica<\/p>\n","protected":false},"excerpt":{"rendered":"<p>Svaku ve\u010der u hotelu Laguna nakon ve\u010dernjeg programa u\u010denicima je omogu\u0107en disco program. O\u010dekujemo punu salu, no nije tako. \u0160to je tome uzrok? \u010culi smo da je prethodnih godina disco bio pun, animator Jo\u017ea poticao je djecu da se zabave, ple\u0161u, zajedno s njima bio je na plesnom podiju. \u010cak je kucao na vrata soba [&hellip;]<\/p>\n","protected":false},"author":31,"featured_media":824,"comment_status":"open","ping_status":"open","sticky":false,"template":"","format":"standard","meta":{"footnotes":""},"categories":[88],"tags":[153,52,132],"class_list":["post-743","post","type-post","status-publish","format-standard","has-post-thumbnail","hentry","category-vijesti","tag-disco","tag-glazba","tag-vecernji-program"],"views":1024,"_links":{"self":[{"href":"https:\/\/www.novigradsko-proljece.com\/web\/2015\/wp-json\/wp\/v2\/posts\/743","targetHints":{"allow":["GET"]}}],"collection":[{"href":"https:\/\/www.novigradsko-proljece.com\/web\/2015\/wp-json\/wp\/v2\/posts"}],"about":[{"href":"https:\/\/www.novigradsko-proljece.com\/web\/2015\/wp-json\/wp\/v2\/types\/post"}],"author":[{"embeddable":true,"href":"https:\/\/www.novigradsko-proljece.com\/web\/2015\/wp-json\/wp\/v2\/users\/31"}],"replies":[{"embeddable":true,"href":"https:\/\/www.novigradsko-proljece.com\/web\/2015\/wp-json\/wp\/v2\/comments?post=743"}],"version-history":[{"count":3,"href":"https:\/\/www.novigradsko-proljece.com\/web\/2015\/wp-json\/wp\/v2\/posts\/743\/revisions"}],"predecessor-version":[{"id":1123,"href":"https:\/\/www.novigradsko-proljece.com\/web\/2015\/wp-json\/wp\/v2\/posts\/743\/revisions\/1123"}],"wp:featuredmedia":[{"embeddable":true,"href":"https:\/\/www.novigradsko-proljece.com\/web\/2015\/wp-json\/wp\/v2\/media\/824"}],"wp:attachment":[{"href":"https:\/\/www.novigradsko-proljece.com\/web\/2015\/wp-json\/wp\/v2\/media?parent=743"}],"wp:term":[{"taxonomy":"category","embeddable":true,"href":"https:\/\/www.novigradsko-proljece.com\/web\/2015\/wp-json\/wp\/v2\/categories?post=743"},{"taxonomy":"post_tag","embeddable":true,"href":"https:\/\/www.novigradsko-proljece.com\/web\/2015\/wp-json\/wp\/v2\/tags?post=743"}],"curies":[{"name":"wp","href":"https:\/\/api.w.org\/{rel}","templated":true}]}}