{"id":712,"date":"2015-04-22T10:46:36","date_gmt":"2015-04-22T08:46:36","guid":{"rendered":"http:\/\/www.novigradsko-proljece.com\/web\/2015\/?p=712"},"modified":"2015-04-23T11:41:49","modified_gmt":"2015-04-23T09:41:49","slug":"intervju-s-miroslavom-micanovicem-tajnikom-novigradskog-proljeca","status":"publish","type":"post","link":"https:\/\/www.novigradsko-proljece.com\/web\/2015\/712\/intervju-s-miroslavom-micanovicem-tajnikom-novigradskog-proljeca\/","title":{"rendered":"&#8221;Znanje s Novigradskog prolje\u0107a treba \u0161iriti!&#8221; &#8211; intervju s Miroslavom Mi\u0107anovi\u0107em, tajnikom Novigradskog prolje\u0107a"},"content":{"rendered":"<p style=\"text-align: justify\"><strong>Miroslav Mi\u0107anovi\u0107, <\/strong>hrvatski knji\u017eevnik i pjesnik, ro\u0111en je 15. kolovoza 1960. u Br\u010dkom. Diplomirao je na Filozofskom fakultetu u Zagrebu, gdje i danas \u017eivi i radi u Agenciji za odgoj i obrazovanje. Objavljuje pjesme, pri\u010de, kritike i eseje.\u00a0Sudionik je hrvatskih i europskih knji\u017eevnih festivala poezije i voditelj brojnih radionica, a kao voditelj Odsjeka zajedni\u010dkih poslova u Agenciji za odgoj i obrazovanje tajnik je Novigradskog prolje\u0107a na kojem aktivno sudjeluje ve\u0107 10 godina. Urednik je knji\u017eevnog \u010dasopisa Quorum.<\/p>\n<p style=\"text-align: justify;padding-left: 30px\"><strong>Mislite li da \u0160kola stvarala\u0161tva mo\u017ee broj\u010dano rasti i ima li jo\u0161 prostora za otvaranje novih radionica?<\/strong><\/p>\n<p style=\"text-align: justify\">Nerijetko se za \u0160kolu stvarala\u0161tva ka\u017ee da je jedinstvena u Europi, ali ta odrednica jedinstvenosti ne mora biti nu\u017eno kompliment &#8211; ona ima smisla i dobivat \u0107e na va\u017enosti ukoliko se i drugi razli\u010diti programi i aktivnosti budu razvijali neovisno o \u0160koli stvarala\u0161tva. Va\u017eno je da se \u0160kola iznutra mijenja unutar postoje\u0107e okosnice, a svakako joj intencija treba biti da bude pristupa\u010dna i otvorena \u0161to ve\u0107em broju u\u010denika.<\/p>\n<p style=\"text-align: justify;padding-left: 30px\"><strong>Ima li AZOO u planu nove sli\u010dne projekte u kojima bi se poticalo u\u010deni\u010dko stvarala\u0161tvo i kreativnost?<\/strong><\/p>\n<p style=\"text-align: justify\">Jedan od prioriteta Agencije i MZOS-a kao krovne obrazovne institucije jest sustavno pratiti, poticati i razvijati dje\u010dje stvarala\u0161tvo. Iz tog pra\u0107enja trebaju \u00a0se roditi novi programi koje bi provodila Agencija. Naravno, kriza kao i u svim segmentima dru\u0161tva utje\u010de na razvoj i realizaciju novih projekata, ali s druge strane, upravo kriza mo\u017ee i mora biti poticaj za stvaranje novih sadr\u017eaja.<\/p>\n<p style=\"text-align: justify;padding-left: 30px\"><strong>\u0160to zna\u010di biti u organizaciji Novigradskog prolje\u0107a, je li to cjelogodi\u0161nji rad i koliko je vremena potrebno za organizaciju?<\/strong><\/p>\n<p style=\"text-align: justify\">To je cjelogodi\u0161nji rad u kojem sudjeluje cijeli tim stru\u010dnjaka. Naravno, treba istaknuti ravnateljicu O\u0160 Rivarela Davorku Parma\u0107, koja se brine za cijeli niz organizacijskih poslova bez kojih bi funkcioniranje \u0160kole bilo jednostavno nemogu\u0107e.<\/p>\n<p style=\"text-align: justify;padding-left: 30px\"><strong>Koliko godina sudjelujete u organizaciji Novigradskog prolje\u0107a kao tajnik ?<\/strong><\/p>\n<p style=\"text-align: justify\">U Novigradskom prolje\u0107u sudjelujem od 2005. godine, s time da sam prve tri godine bio voditelj Literarne radionice, a s vremenom sam preuzeo funkciju tajnika.<\/p>\n<p style=\"text-align: justify;padding-left: 30px\"><strong>Koji bi bio Va\u0161 savjet za na\u0161e male novinare i urednike?<\/strong><\/p>\n<p style=\"text-align: justify\">S obzirom na trenutnu situaciju medija u Hrvatskoj rekao bih da svaki novinar mora istra\u017eivati i propitivati informacije koje se svakodnevno serviraju \u00a0\u010ditateljima. Va\u017eno je obra\u0111ivati teme koje \u0107e trajati du\u017ee od jednoga dana.<\/p>\n<p style=\"text-align: justify;padding-left: 30px\"><strong>Koja radionica je Va\u0161 favorit na Novigradskom prolje\u0107u?<\/strong><\/p>\n<p style=\"text-align: justify\">Ne bih rekao da imam jednu favorit radionicu, jer ideja same \u0161kole jest da radionice me\u0111usobno sura\u0111uju. Meni su favorit one radionice koje s jedne strane imaju svoju unutarnju \u017eivost i koje prepoznaju darovite u\u010denike.<\/p>\n<p style=\"text-align: justify;padding-left: 30px\"><strong>\u0160to nam mo\u017eete re\u0107i o projektu \u201ePisci na mre\u017ei\u201c?<\/strong><\/p>\n<p style=\"text-align: justify\">To je projekt virtualnih knji\u017eevnih susreta koji me osobno veseli jer se vrlo brzo vidi neposredna korist. Imamo priliku pozivati pisce koji su trenutno va\u017eni na hrvatskoj knji\u017eevnoj sceni, a ujedno zanimljivi u\u010diteljima, nastavnicima i u\u010denicima. Pisci koji gostuju konkretno pokazuju da suvremena hrvatska knji\u017eevnost nije ne\u0161to izvan na\u0161ih \u017eivota i iskustva, to jest da jezik i knji\u017eevnost nisu nu\u017eno metafori\u010dni i da svrha knji\u017eevnih tekstova nije samo interpretacija.<\/p>\n<p style=\"text-align: justify;padding-left: 30px\"><strong>Koja je va\u017enost Novigradskog prolje\u0107a za obrazovanje i kulturu?<\/strong><\/p>\n<p style=\"text-align: justify\">Okupljaju\u0107i darovitu djecu Novigradsko prolje\u0107e razvija i poti\u010de njihovu kreativnost i darovitost. Jo\u0161 je va\u017enija \u010dinjenica da djeca prenose iskustva u svoju okolinu. Na taj se na\u010din proces u\u010denja \u0161iri i na drugu djecu koja nisu izravno uklju\u010dena u \u0160kolu stvarala\u0161tva. U cijelom su sustavu vrlo va\u017eni i hospitanti koji trebaju sve nau\u010deno na puno izravniji na\u010din prenositi u svoje \u0161kole i razrede. Novigradsko prolje\u0107e jest prilika da se poka\u017ee darovitost, da se uvidi koji su interesi djece u podru\u010dju izra\u017eavanja, \u0161to ih zanima, \u0161to im je va\u017eno u tematskom, sadr\u017eajnom i tehnolo\u0161kom smislu. Na taj na\u010din i nama koji smo zadu\u017eeni za funkcioniranje sustava postaje jasnije kojim temama se trebamo baviti i \u0161to trebamo dalje razvijati.<\/p>\n<p style=\"text-align: right\">Sanja Gregorini\u0107 i Ana Fonovi\u0107<\/p>\n<p style=\"text-align: justify\">\n","protected":false},"excerpt":{"rendered":"<p>\u0160kola stvarala\u0161tva je jedinstvena u Europi. Okupljaju\u0107i darovitu djecu Novigradsko prolje\u0107e razvija i poti\u010de njihovu kreativnost i darovitost. Jo\u0161 je va\u017enija \u010dinjenica da djeca prenose iskustva u svoju okolinu. Na taj se na\u010din proces u\u010denja \u0161iri i na drugu djecu koja nisu izravno uklju\u010dena u \u0160kolu stvarala\u0161tva. <\/p>\n","protected":false},"author":200,"featured_media":847,"comment_status":"open","ping_status":"open","sticky":false,"template":"","format":"standard","meta":{"footnotes":""},"categories":[111],"tags":[138,95,139],"class_list":["post-712","post","type-post","status-publish","format-standard","has-post-thumbnail","hentry","category-intervjui","tag-intervju","tag-novigradsko-proljece","tag-tajnik"],"views":1008,"_links":{"self":[{"href":"https:\/\/www.novigradsko-proljece.com\/web\/2015\/wp-json\/wp\/v2\/posts\/712","targetHints":{"allow":["GET"]}}],"collection":[{"href":"https:\/\/www.novigradsko-proljece.com\/web\/2015\/wp-json\/wp\/v2\/posts"}],"about":[{"href":"https:\/\/www.novigradsko-proljece.com\/web\/2015\/wp-json\/wp\/v2\/types\/post"}],"author":[{"embeddable":true,"href":"https:\/\/www.novigradsko-proljece.com\/web\/2015\/wp-json\/wp\/v2\/users\/200"}],"replies":[{"embeddable":true,"href":"https:\/\/www.novigradsko-proljece.com\/web\/2015\/wp-json\/wp\/v2\/comments?post=712"}],"version-history":[{"count":10,"href":"https:\/\/www.novigradsko-proljece.com\/web\/2015\/wp-json\/wp\/v2\/posts\/712\/revisions"}],"predecessor-version":[{"id":1238,"href":"https:\/\/www.novigradsko-proljece.com\/web\/2015\/wp-json\/wp\/v2\/posts\/712\/revisions\/1238"}],"wp:featuredmedia":[{"embeddable":true,"href":"https:\/\/www.novigradsko-proljece.com\/web\/2015\/wp-json\/wp\/v2\/media\/847"}],"wp:attachment":[{"href":"https:\/\/www.novigradsko-proljece.com\/web\/2015\/wp-json\/wp\/v2\/media?parent=712"}],"wp:term":[{"taxonomy":"category","embeddable":true,"href":"https:\/\/www.novigradsko-proljece.com\/web\/2015\/wp-json\/wp\/v2\/categories?post=712"},{"taxonomy":"post_tag","embeddable":true,"href":"https:\/\/www.novigradsko-proljece.com\/web\/2015\/wp-json\/wp\/v2\/tags?post=712"}],"curies":[{"name":"wp","href":"https:\/\/api.w.org\/{rel}","templated":true}]}}