{"id":702,"date":"2015-04-21T18:54:48","date_gmt":"2015-04-21T16:54:48","guid":{"rendered":"http:\/\/www.novigradsko-proljece.com\/web\/2015\/?p=702"},"modified":"2015-04-22T18:42:13","modified_gmt":"2015-04-22T16:42:13","slug":"izmjena-programa","status":"publish","type":"post","link":"https:\/\/www.novigradsko-proljece.com\/web\/2015\/702\/izmjena-programa\/","title":{"rendered":"Izmjena programa"},"content":{"rendered":"<p>Zbog najave lo\u0161eg vremena veliki dio obaveznog programa Novigradskog prolje\u0107a je izmijenjen. Tako \u0107e se u srijedu odr\u017eati snimanje milenijske fotografije svih sudionika. Nakon toga \u0107e se u zid \u0161kole staviti kapsula koja \u0107e prethodno biti napunjena novcima, novinama od tog dana, USB &#8211; om na kojemu \u0107e biti pohranjen sadr\u017eaj Radionice novina na Internetu&#8230; Zatim \u0107e svi sudionici Novigradskog prolje\u0107a ispustiti lampione u zrak. Za kraj \u0107e se odr\u017eati RAKU &#8211; party Kerami\u010dke radionice. Jedan od dana \u0107e biti ispu\u0161tanje boca s pismima. Pisma \u0107emo napisati na radionicama, a sadr\u017eavat \u0107e na\u0161e poruke. U kanal \u0107e ih ispustiti lokalni ribari. U petak, zadnji dan \u0107e biti odr\u017eano mnogo odvojenih doga\u0111anja. Jedno od njih \u0107e biti i izlo\u017eba likovnih radova u lapidariju.<\/p>\n<p style=\"text-align: right\">Katarina Toljan i Karla U\u0161ljebrka<\/p>\n","protected":false},"excerpt":{"rendered":"<p>Novi program izmijenjen zbog najave lo\u0161eg vremena.<\/p>\n","protected":false},"author":15,"featured_media":1092,"comment_status":"open","ping_status":"open","sticky":false,"template":"","format":"standard","meta":{"footnotes":""},"categories":[107,88],"tags":[109,80,72],"class_list":["post-702","post","type-post","status-publish","format-standard","has-post-thumbnail","hentry","category-najave","category-vijesti","tag-najava","tag-program","tag-radionice"],"views":1002,"_links":{"self":[{"href":"https:\/\/www.novigradsko-proljece.com\/web\/2015\/wp-json\/wp\/v2\/posts\/702","targetHints":{"allow":["GET"]}}],"collection":[{"href":"https:\/\/www.novigradsko-proljece.com\/web\/2015\/wp-json\/wp\/v2\/posts"}],"about":[{"href":"https:\/\/www.novigradsko-proljece.com\/web\/2015\/wp-json\/wp\/v2\/types\/post"}],"author":[{"embeddable":true,"href":"https:\/\/www.novigradsko-proljece.com\/web\/2015\/wp-json\/wp\/v2\/users\/15"}],"replies":[{"embeddable":true,"href":"https:\/\/www.novigradsko-proljece.com\/web\/2015\/wp-json\/wp\/v2\/comments?post=702"}],"version-history":[{"count":2,"href":"https:\/\/www.novigradsko-proljece.com\/web\/2015\/wp-json\/wp\/v2\/posts\/702\/revisions"}],"predecessor-version":[{"id":720,"href":"https:\/\/www.novigradsko-proljece.com\/web\/2015\/wp-json\/wp\/v2\/posts\/702\/revisions\/720"}],"wp:featuredmedia":[{"embeddable":true,"href":"https:\/\/www.novigradsko-proljece.com\/web\/2015\/wp-json\/wp\/v2\/media\/1092"}],"wp:attachment":[{"href":"https:\/\/www.novigradsko-proljece.com\/web\/2015\/wp-json\/wp\/v2\/media?parent=702"}],"wp:term":[{"taxonomy":"category","embeddable":true,"href":"https:\/\/www.novigradsko-proljece.com\/web\/2015\/wp-json\/wp\/v2\/categories?post=702"},{"taxonomy":"post_tag","embeddable":true,"href":"https:\/\/www.novigradsko-proljece.com\/web\/2015\/wp-json\/wp\/v2\/tags?post=702"}],"curies":[{"name":"wp","href":"https:\/\/api.w.org\/{rel}","templated":true}]}}