{"id":56,"date":"2015-04-19T15:30:04","date_gmt":"2015-04-19T15:30:04","guid":{"rendered":"http:\/\/www.novigradsko-proljece.com\/web\/2015\/?p=56"},"modified":"2015-04-20T16:09:25","modified_gmt":"2015-04-20T16:09:25","slug":"literarna-radionica","status":"publish","type":"post","link":"https:\/\/www.novigradsko-proljece.com\/web\/2015\/56\/literarna-radionica\/","title":{"rendered":"Literarna radionica"},"content":{"rendered":"<p>Literarna radionica\u00a0&#8211; bavi se lirskom pjesmom i kratkom pri\u010dom, upu\u0107uje na mogu\u0107e na\u010dine pisanja i ma\u0161tanja, daje odgovore na temu i otkriva povijest i sada\u0161njost knji\u017eevnosti.<\/p>\n<p style=\"text-align: center\">Prvi dan u literarnoj radionici<\/p>\n<p>Literarna radionica okupila je 13 u\u010denika, hospitanticu, u\u010diteljicu Sanju Beg Nisi i voditelja, knji\u017eevnika Branka \u010cegeca. Rekao nam je da jo\u0161 uvijek nisu \u201eu temi\u201c, tek se uhodavaju, poti\u010du jedni druge na razmi\u0161ljanje i stvaranje. Za sada \u010ditaju knji\u017eevne tekstove i \u201epuno razmi\u0161ljaju, kontempliraju, pitaju se o dubokom zna\u010denju djela\u201c rekla nam je Ema, polaznica radionice. Mislav nam je rekao da se u\u010dionicom \u0161iri slatkasti miris i da ga to poti\u010de na pisanje. Hospitantica Sanja odu\u0161evljena je ve\u0107 u ovo malo vremena. Planirati \u0107e odlazak van, pisati uz more, gledati la\u0111e, a mo\u017eda \u0107e vidjeti i koju nasukanu.<\/p>\n<p>Pali su i prvi stihovi polaznice Mateje Lisak:<\/p>\n<p><em>\u00a0\u201eSanjam mora visoka i planine modre.<br \/>\nSanjam slobodu, a zlom me bodre.<br \/>\nSanjam zlato \u0161to ga gubi dan,<br \/>\nLjubav, zalazak sunca ran.\u201c<\/em><\/p>\n<p style=\"text-align: right\">Karla U\u0161ljebrka i Ana Lisica<\/p>\n","protected":false},"excerpt":{"rendered":"<p>Posjetili smo literarnu radionicu i saznali ne\u0161to vi\u0161e o radu u njoj.<\/p>\n","protected":false},"author":12,"featured_media":169,"comment_status":"open","ping_status":"open","sticky":false,"template":"","format":"standard","meta":{"footnotes":""},"categories":[9],"tags":[44,45,46,30],"class_list":["post-56","post","type-post","status-publish","format-standard","has-post-thumbnail","hentry","category-literarna-radionica","tag-literarna-radionica","tag-pjesma","tag-prica","tag-rijec"],"views":964,"_links":{"self":[{"href":"https:\/\/www.novigradsko-proljece.com\/web\/2015\/wp-json\/wp\/v2\/posts\/56","targetHints":{"allow":["GET"]}}],"collection":[{"href":"https:\/\/www.novigradsko-proljece.com\/web\/2015\/wp-json\/wp\/v2\/posts"}],"about":[{"href":"https:\/\/www.novigradsko-proljece.com\/web\/2015\/wp-json\/wp\/v2\/types\/post"}],"author":[{"embeddable":true,"href":"https:\/\/www.novigradsko-proljece.com\/web\/2015\/wp-json\/wp\/v2\/users\/12"}],"replies":[{"embeddable":true,"href":"https:\/\/www.novigradsko-proljece.com\/web\/2015\/wp-json\/wp\/v2\/comments?post=56"}],"version-history":[{"count":8,"href":"https:\/\/www.novigradsko-proljece.com\/web\/2015\/wp-json\/wp\/v2\/posts\/56\/revisions"}],"predecessor-version":[{"id":414,"href":"https:\/\/www.novigradsko-proljece.com\/web\/2015\/wp-json\/wp\/v2\/posts\/56\/revisions\/414"}],"wp:featuredmedia":[{"embeddable":true,"href":"https:\/\/www.novigradsko-proljece.com\/web\/2015\/wp-json\/wp\/v2\/media\/169"}],"wp:attachment":[{"href":"https:\/\/www.novigradsko-proljece.com\/web\/2015\/wp-json\/wp\/v2\/media?parent=56"}],"wp:term":[{"taxonomy":"category","embeddable":true,"href":"https:\/\/www.novigradsko-proljece.com\/web\/2015\/wp-json\/wp\/v2\/categories?post=56"},{"taxonomy":"post_tag","embeddable":true,"href":"https:\/\/www.novigradsko-proljece.com\/web\/2015\/wp-json\/wp\/v2\/tags?post=56"}],"curies":[{"name":"wp","href":"https:\/\/api.w.org\/{rel}","templated":true}]}}