{"id":539,"date":"2015-04-21T12:44:32","date_gmt":"2015-04-21T10:44:32","guid":{"rendered":"http:\/\/www.novigradsko-proljece.com\/web\/2015\/?p=539"},"modified":"2015-04-22T17:04:40","modified_gmt":"2015-04-22T15:04:40","slug":"tko-je-joza","status":"publish","type":"post","link":"https:\/\/www.novigradsko-proljece.com\/web\/2015\/539\/tko-je-joza\/","title":{"rendered":"Tko je Jo\u017ea?"},"content":{"rendered":"<p style=\"padding-left: 30px\">\u00a0\u00a0\u00a0\u00a0\u00a0\u00a0\u00a0\u00a0 Josip Prudeus ro\u0111en je 1944. godine u Samoboru. Osnovnu \u0161kolu, gimnaziju i Pedago\u0161ku akademiju zavr\u0161io je u Slavonskom Brodu te stekao zvanje u\u010ditelja predmetne nastave. Slu\u017ebovao je u Slavonskom Brodu, Sibinju, Rabu, Bregani i Samoboru. Radio je i kao voditelj Centra za kulturu u Narodnom sveu\u010dili\u0161tu Samobor. Bio je zadu\u017een za suradnju s osnovnim \u0161kolama. Predavao je hrvatski jezik, povijest ili vjeronauk. Utemeljitelj je i prvi urednik Programa za djecu i mlade\u017e na Hrvatskome katoli\u010dkom radiju. Radio je kao novinar &#8211; dopisnik s boji\u0161nica tijekom Domovinskog rata, a nakon uspostave demokratske Republike Hrvatske imenovan je prvim pro\u010delnikom za prosvjetu i kulturu u Samoboru. Nako duljeg istra\u017eivanja, jo\u0161 nisam prona\u0161la dje\u010dji \u010dasopis s kojim nije sura\u0111ivao. Objavio je 25 samostalnih knjiga dok mu je nekoliko djela prevedeno i tiskano na njema\u010dkom, francuskom, talijanskom i \u0161vedskom jeziku. O svojoj knji\u017eevnosti ka\u017ee da je objavio dvadesetak knjiga i knji\u017euljaka, no daleko vi\u0161e razasuo na stotine strana svojih stihova i prozotvorina. Ako je koja i u Vas, slobodno je zadr\u017eite jer ne odgovara za daljnju uporabu. Uz sav taj posao, vi\u0161e od tri desetlje\u0107a je radio u \u0160koli stvarala\u0161tva (Listopad u Novalji, kasnije Novigradsko Prolje\u0107e). Nevelika la\u0111a koja je otplovila iz pa\u0161ke Novalje prije puno godina prona\u0161la je svoj put, svjetlost i \u010dvrsto sidro u Novigradu &#8211; tako je Jo\u017ea Prudeus slikovito opisao dolazak \u0160kole stvarala\u0161tva u Novigrad. Prvih godina bio je voditelj radionica, a nakon ulaska Osnovne \u0161kole Samobor u sustav Ministarstva znanosti, obrazovanja i \u0161porta RH, obna\u0161a du\u017enost glavnog koordinatora \u0160kole. Josip Prudeus je kao vrstan pedagog, bogatoga teorijskog znanja i prakti\u010dnog iskustva zasigurno zaslu\u017eio nagradu za \u017divotno djelo osnovnoga \u0161kolstva. Brojne u\u010denike je doveo do \u017eupanijskih i dr\u017eavnih natjecanja, a trag je ostavio u svakoj \u0161koli u kojoj je radio. Za njegovo djelovanje u \u0161kolama ka\u017ee:\u00a0\u201cJa sam knji\u017eevnik pod \u0161kolskim malim odmorom\u201d , te: \u201cU\u010ditelj koji se ne smije, ne smije me\u0111u u\u010denike!\u201d Dobio je i \u201eNagrad Ivan Filipovi\u0107\u201c (2008.) za promicanje pedago\u0161ke teorije i prakse. Ipak, on za sebe ka\u017ee da je dobio nagrade: Velika nagrada zlatnog \u0161ipka (dar djece na Novigradskom prolje\u0107u); Velered s velikom Zvjezda\u010dom (dar djece na Novigradskom prolje\u0107u); Grafi\u010dku mapu (dar djece na Novigradskom prolje\u0107u); Mamut ogrlicu list \u2013 cvijet (dar prijatelja iz \u0160kole stvarala\u0161tva); Nagradu grada Samobora za \u017eivotno djelo (2004.); Priznanje pape Benedikta XVI. za 60 godina ministriranja (2007.); Dr\u017eavno priznanje \u201cIvan Filipovi\u0107\u201d za \u017eivotno djelo (2008.) i golemu hrpu dragih mu priznanja te je vje\u010dni kandidat za Orden rada s nadgrobnim vijencem. Kroz desetlje\u0107a provedena u \u0160koli stvarala\u0161tva sakupio je vi\u0161e 300 umjetni\u010dkih slika, 200 keramika, notnih zapisa 156 pjesama, stotine DV-a, VHS-a, kao i 3.000 knjiga.<br \/>\nPro\u0161lih godina Jo\u017ea je bio glavna &#8220;faca&#8221; na Novigradskom prolje\u0107u. Presvla\u010dio se u Crvenkapicu, pla\u0161io sudionike po hotelu, pru\u017eio jezikovu juhu svima koji nisu nosili akreditacije&#8230; Pro\u0161le godine Jo\u017ea je nestao. Po cijelom Novigradu su bili plakati s natpisom: &#8220;Tra\u017ei se Jo\u017ea!&#8221; Na kraju je na\u0161a radionica saznala da je Jo\u017ea na\u017ealost u bolnici. Sve radionice su se ujedinile i napisale mu dirljive poruke. Ipak, Jo\u017ea se nije dao i javio se na zavr\u0161noj priredbi.<br \/>\nOve godine smo proveli kratku anketu u kojoj je glavno pitanje bilo: &#8220;Tko je Jo\u017ea?&#8221; Polaznici kojima je ovo prva godina nisu znali ni\u0161ta o Jo\u017ei. Nekoliko njih je samo \u010dulo tko je on od prijatelja. Polaznici koji su ipak malo dulje ovdje, pro\u0161le su godine vidjeli plakate i \u010duli ne\u0161to o njemu. Bilo je i onih koji nisu imali nikakvog pojma o njemu pa je bilo i odgovora da je to dje\u010dak koji bere ljubi\u010dice, ne\u010diji nadimak ili su samo u \u010dudu gledali u nas. Polaznici koji su ovdje ve\u0107 dugo godina i koji su ga upoznali govorili su kako je on starac kojega svi vole i koji ih je uvijek do\u010dekivao. Bilo je i onih koji su otkrili kako im je Jo\u017ea kucao na vrata u dva ujutro i pla\u0161io ih. Ve\u0107ina ih je znala da je on jedan od osniva\u010da \u0160kole stvarala\u0161tva. Voditeljica Radionice izrade slikovnice , Sonja Ivi\u0107, nam je rekla kako je on njena najve\u0107a ljubav, da je on duh Novigrada i da se nada da \u0107e nas posjetiti i ove godine. I mi se nadamo da \u0107e nas Jo\u017ea posjetiti, a ako se to dogodi, zasigurno \u0107ete vidjeti na na\u0161oj stranici.<\/p>\n<p style=\"padding-left: 30px;text-align: right\">Katarina Toljan i Karla U\u0161ljebrka<\/p>\n","protected":false},"excerpt":{"rendered":"<p>Kroz ovu kratku biografiju opisat \u0107u vam \u017eivot jednog od najzna\u010dajnijih ljudi u povijesti Novigradskog prolje\u0107a, a ujedino i najve\u0107eg djecoljupca na svijetu.<\/p>\n","protected":false},"author":15,"featured_media":635,"comment_status":"open","ping_status":"open","sticky":false,"template":"","format":"standard","meta":{"footnotes":""},"categories":[88],"tags":[128,127],"class_list":["post-539","post","type-post","status-publish","format-standard","has-post-thumbnail","hentry","category-vijesti","tag-biogafija","tag-joza"],"views":1939,"_links":{"self":[{"href":"https:\/\/www.novigradsko-proljece.com\/web\/2015\/wp-json\/wp\/v2\/posts\/539","targetHints":{"allow":["GET"]}}],"collection":[{"href":"https:\/\/www.novigradsko-proljece.com\/web\/2015\/wp-json\/wp\/v2\/posts"}],"about":[{"href":"https:\/\/www.novigradsko-proljece.com\/web\/2015\/wp-json\/wp\/v2\/types\/post"}],"author":[{"embeddable":true,"href":"https:\/\/www.novigradsko-proljece.com\/web\/2015\/wp-json\/wp\/v2\/users\/15"}],"replies":[{"embeddable":true,"href":"https:\/\/www.novigradsko-proljece.com\/web\/2015\/wp-json\/wp\/v2\/comments?post=539"}],"version-history":[{"count":5,"href":"https:\/\/www.novigradsko-proljece.com\/web\/2015\/wp-json\/wp\/v2\/posts\/539\/revisions"}],"predecessor-version":[{"id":681,"href":"https:\/\/www.novigradsko-proljece.com\/web\/2015\/wp-json\/wp\/v2\/posts\/539\/revisions\/681"}],"wp:featuredmedia":[{"embeddable":true,"href":"https:\/\/www.novigradsko-proljece.com\/web\/2015\/wp-json\/wp\/v2\/media\/635"}],"wp:attachment":[{"href":"https:\/\/www.novigradsko-proljece.com\/web\/2015\/wp-json\/wp\/v2\/media?parent=539"}],"wp:term":[{"taxonomy":"category","embeddable":true,"href":"https:\/\/www.novigradsko-proljece.com\/web\/2015\/wp-json\/wp\/v2\/categories?post=539"},{"taxonomy":"post_tag","embeddable":true,"href":"https:\/\/www.novigradsko-proljece.com\/web\/2015\/wp-json\/wp\/v2\/tags?post=539"}],"curies":[{"name":"wp","href":"https:\/\/api.w.org\/{rel}","templated":true}]}}