{"id":499,"date":"2015-04-20T16:15:30","date_gmt":"2015-04-20T16:15:30","guid":{"rendered":"http:\/\/www.novigradsko-proljece.com\/web\/2015\/?p=499"},"modified":"2015-04-23T11:17:47","modified_gmt":"2015-04-23T09:17:47","slug":"otvaranje-26-novigradskog-proljeca","status":"publish","type":"post","link":"https:\/\/www.novigradsko-proljece.com\/web\/2015\/499\/otvaranje-26-novigradskog-proljeca\/","title":{"rendered":"Otvaranje 26. Novigradskog prolje\u0107a"},"content":{"rendered":"<p>U\u00a0Gradskoj sportskoj dvorani u Novigradu\u00a018. travnja 2015. u 20:30 sve\u010dano je otvoreno 26. Novigradsko prolje\u0107e i 40. \u0160kola stvarala\u0161tva. U ime Istarske \u017eupanije i \u017eupana, u\u010denike i goste pozdravila je zamjenica \u017eupana Giuseppina Rajko, a prisutnima je za\u017eeljela dobrodo\u0161licu i zamjenica novigradskog gradona\u010delnika Sonja \u0160ikani\u0107.<\/p>\n<p>U\u010denici i ostala publika mogli su u jednosatnom program otvaranja u\u017eivati u predivnim nastupima regionalno poznate rije\u010dke plesne skupine Ri Dance i u himni Novigradskog prolje\u0107a koju su otpjevale \u00a0Vida Zlati\u0107 i Sarah Pu\u0161ka\u0161.<\/p>\n<p>Na pozornicu su pozvani i predstavljeni svi voditelji radionica koji su svojim plesom i pjesmom pozdravili prisutne.<\/p>\n<p>Predsjednica Republike Hrvatske Kolinda Grabar \u2013 Kitarovi\u0107, ujedno i visoka pokroviteljica \u0160kole stvarala\u0161tva,\u00a0 svojim je pozdravnim pismom za\u017eeljela uspje\u0161an rad i stvaranje svim polaznicima \u0161kole i njihovim voditeljima.<\/p>\n<p>Novigradsko prolje\u0107e odr\u017eat \u0107e se od 18. do 25. travnja 2015. godine u O\u0160 Rivarela: u 18 razli\u010ditih radionica sudjelovat \u0107e 311 polaznika i 36 hospitanata pod budnim okom kreativnih voditelja. Ovogodi\u0161nji sudionici iskazat \u0107e svoju kreativnost na temi \u201cLa\u0111a\u201d.<\/p>\n<p>&nbsp;<\/p>\n<p style=\"text-align: right\">\u00a0Sanja Gregorini\u0107, Ana Fonovi\u0107 i Loris \u010ceh<\/p>\n<p>&nbsp;<\/p>\n\n\t\t<style type=\"text\/css\">\n\t\t\t#gallery-1 {\n\t\t\t\tmargin: auto;\n\t\t\t}\n\t\t\t#gallery-1 .gallery-item {\n\t\t\t\tfloat: left;\n\t\t\t\tmargin-top: 10px;\n\t\t\t\ttext-align: center;\n\t\t\t\twidth: 33%;\n\t\t\t}\n\t\t\t#gallery-1 img {\n\t\t\t\tborder: 2px solid #cfcfcf;\n\t\t\t}\n\t\t\t#gallery-1 .gallery-caption {\n\t\t\t\tmargin-left: 0;\n\t\t\t}\n\t\t\t\/* see gallery_shortcode() in wp-includes\/media.php *\/\n\t\t<\/style>\n\t\t<div data-carousel-extra='{\"blog_id\":6,\"permalink\":\"https:\\\/\\\/www.novigradsko-proljece.com\\\/web\\\/2015\\\/499\\\/otvaranje-26-novigradskog-proljeca\\\/\",\"likes_blog_id\":false}' id='gallery-1' class='gallery galleryid-499 gallery-columns-3 gallery-size-thumbnail'><dl class='gallery-item'>\n\t\t\t<dt class='gallery-icon landscape'>\n\t\t\t\t<a href='https:\/\/www.novigradsko-proljece.com\/web\/2015\/499\/otvaranje-26-novigradskog-proljeca\/1-lea-vukic_otvaranje-4-2\/'><img loading=\"lazy\" decoding=\"async\" width=\"150\" height=\"150\" src=\"https:\/\/www.novigradsko-proljece.com\/web\/2015\/wp-content\/uploads\/sites\/6\/2015\/04\/1-Lea-Vukic_otvaranje-41-150x150.jpg\" class=\"attachment-thumbnail size-thumbnail\" alt=\"\" data-attachment-id=\"517\" data-orig-file=\"https:\/\/www.novigradsko-proljece.com\/web\/2015\/wp-content\/uploads\/sites\/6\/2015\/04\/1-Lea-Vukic_otvaranje-41.jpg\" data-orig-size=\"1936,1288\" data-comments-opened=\"1\" data-image-meta=\"{&quot;aperture&quot;:&quot;5&quot;,&quot;credit&quot;:&quot;&quot;,&quot;camera&quot;:&quot;Canon EOS 400D DIGITAL&quot;,&quot;caption&quot;:&quot;&quot;,&quot;created_timestamp&quot;:&quot;1429392082&quot;,&quot;copyright&quot;:&quot;&quot;,&quot;focal_length&quot;:&quot;43&quot;,&quot;iso&quot;:&quot;400&quot;,&quot;shutter_speed&quot;:&quot;0.1&quot;,&quot;title&quot;:&quot;&quot;,&quot;orientation&quot;:&quot;1&quot;}\" data-image-title=\"1-Lea Vukic_otvaranje  (4)\" data-image-description=\"\" data-medium-file=\"https:\/\/www.novigradsko-proljece.com\/web\/2015\/wp-content\/uploads\/sites\/6\/2015\/04\/1-Lea-Vukic_otvaranje-41-300x200.jpg\" data-large-file=\"https:\/\/www.novigradsko-proljece.com\/web\/2015\/wp-content\/uploads\/sites\/6\/2015\/04\/1-Lea-Vukic_otvaranje-41-1024x681.jpg\" \/><\/a>\n\t\t\t<\/dt><\/dl><dl class='gallery-item'>\n\t\t\t<dt class='gallery-icon landscape'>\n\t\t\t\t<a href='https:\/\/www.novigradsko-proljece.com\/web\/2015\/499\/otvaranje-26-novigradskog-proljeca\/1-lea-vukic_otvaranje-49\/'><img loading=\"lazy\" decoding=\"async\" width=\"150\" height=\"150\" src=\"https:\/\/www.novigradsko-proljece.com\/web\/2015\/wp-content\/uploads\/sites\/6\/2015\/04\/1-Lea-Vukic_otvaranje-49-150x150.jpg\" class=\"attachment-thumbnail size-thumbnail\" alt=\"\" data-attachment-id=\"521\" data-orig-file=\"https:\/\/www.novigradsko-proljece.com\/web\/2015\/wp-content\/uploads\/sites\/6\/2015\/04\/1-Lea-Vukic_otvaranje-49.jpg\" data-orig-size=\"1936,1288\" data-comments-opened=\"1\" data-image-meta=\"{&quot;aperture&quot;:&quot;4.5&quot;,&quot;credit&quot;:&quot;&quot;,&quot;camera&quot;:&quot;Canon EOS 400D DIGITAL&quot;,&quot;caption&quot;:&quot;&quot;,&quot;created_timestamp&quot;:&quot;1429390839&quot;,&quot;copyright&quot;:&quot;&quot;,&quot;focal_length&quot;:&quot;35&quot;,&quot;iso&quot;:&quot;400&quot;,&quot;shutter_speed&quot;:&quot;0.3&quot;,&quot;title&quot;:&quot;&quot;,&quot;orientation&quot;:&quot;1&quot;}\" data-image-title=\"1-Lea Vukic_otvaranje  (49)\" data-image-description=\"\" data-medium-file=\"https:\/\/www.novigradsko-proljece.com\/web\/2015\/wp-content\/uploads\/sites\/6\/2015\/04\/1-Lea-Vukic_otvaranje-49-300x200.jpg\" data-large-file=\"https:\/\/www.novigradsko-proljece.com\/web\/2015\/wp-content\/uploads\/sites\/6\/2015\/04\/1-Lea-Vukic_otvaranje-49-1024x681.jpg\" \/><\/a>\n\t\t\t<\/dt><\/dl><dl class='gallery-item'>\n\t\t\t<dt class='gallery-icon landscape'>\n\t\t\t\t<a href='https:\/\/www.novigradsko-proljece.com\/web\/2015\/499\/otvaranje-26-novigradskog-proljeca\/1-lea-vukic_otvaranje-13\/'><img loading=\"lazy\" decoding=\"async\" width=\"150\" height=\"150\" src=\"https:\/\/www.novigradsko-proljece.com\/web\/2015\/wp-content\/uploads\/sites\/6\/2015\/04\/1-Lea-Vukic_otvaranje-13-150x150.jpg\" class=\"attachment-thumbnail size-thumbnail\" alt=\"\" data-attachment-id=\"519\" data-orig-file=\"https:\/\/www.novigradsko-proljece.com\/web\/2015\/wp-content\/uploads\/sites\/6\/2015\/04\/1-Lea-Vukic_otvaranje-13.jpg\" data-orig-size=\"1936,1288\" data-comments-opened=\"1\" data-image-meta=\"{&quot;aperture&quot;:&quot;5&quot;,&quot;credit&quot;:&quot;&quot;,&quot;camera&quot;:&quot;Canon EOS 400D DIGITAL&quot;,&quot;caption&quot;:&quot;&quot;,&quot;created_timestamp&quot;:&quot;1429392236&quot;,&quot;copyright&quot;:&quot;&quot;,&quot;focal_length&quot;:&quot;43&quot;,&quot;iso&quot;:&quot;400&quot;,&quot;shutter_speed&quot;:&quot;0.125&quot;,&quot;title&quot;:&quot;&quot;,&quot;orientation&quot;:&quot;1&quot;}\" data-image-title=\"1-Lea Vukic_otvaranje  (13)\" data-image-description=\"\" data-medium-file=\"https:\/\/www.novigradsko-proljece.com\/web\/2015\/wp-content\/uploads\/sites\/6\/2015\/04\/1-Lea-Vukic_otvaranje-13-300x200.jpg\" data-large-file=\"https:\/\/www.novigradsko-proljece.com\/web\/2015\/wp-content\/uploads\/sites\/6\/2015\/04\/1-Lea-Vukic_otvaranje-13-1024x681.jpg\" \/><\/a>\n\t\t\t<\/dt><\/dl><br style=\"clear: both\" \/><dl class='gallery-item'>\n\t\t\t<dt class='gallery-icon landscape'>\n\t\t\t\t<a href='https:\/\/www.novigradsko-proljece.com\/web\/2015\/499\/otvaranje-26-novigradskog-proljeca\/1-lea-vukic_otvaranje-29\/'><img loading=\"lazy\" decoding=\"async\" width=\"150\" height=\"150\" src=\"https:\/\/www.novigradsko-proljece.com\/web\/2015\/wp-content\/uploads\/sites\/6\/2015\/04\/1-Lea-Vukic_otvaranje-29-150x150.jpg\" class=\"attachment-thumbnail size-thumbnail\" alt=\"\" data-attachment-id=\"520\" data-orig-file=\"https:\/\/www.novigradsko-proljece.com\/web\/2015\/wp-content\/uploads\/sites\/6\/2015\/04\/1-Lea-Vukic_otvaranje-29.jpg\" data-orig-size=\"1936,1288\" data-comments-opened=\"1\" data-image-meta=\"{&quot;aperture&quot;:&quot;5.6&quot;,&quot;credit&quot;:&quot;&quot;,&quot;camera&quot;:&quot;Canon EOS 400D DIGITAL&quot;,&quot;caption&quot;:&quot;&quot;,&quot;created_timestamp&quot;:&quot;1429392364&quot;,&quot;copyright&quot;:&quot;&quot;,&quot;focal_length&quot;:&quot;55&quot;,&quot;iso&quot;:&quot;400&quot;,&quot;shutter_speed&quot;:&quot;0.125&quot;,&quot;title&quot;:&quot;&quot;,&quot;orientation&quot;:&quot;1&quot;}\" data-image-title=\"1-Lea Vukic_otvaranje  (29)\" data-image-description=\"\" data-medium-file=\"https:\/\/www.novigradsko-proljece.com\/web\/2015\/wp-content\/uploads\/sites\/6\/2015\/04\/1-Lea-Vukic_otvaranje-29-300x200.jpg\" data-large-file=\"https:\/\/www.novigradsko-proljece.com\/web\/2015\/wp-content\/uploads\/sites\/6\/2015\/04\/1-Lea-Vukic_otvaranje-29-1024x681.jpg\" \/><\/a>\n\t\t\t<\/dt><\/dl><dl class='gallery-item'>\n\t\t\t<dt class='gallery-icon landscape'>\n\t\t\t\t<a href='https:\/\/www.novigradsko-proljece.com\/web\/2015\/499\/otvaranje-26-novigradskog-proljeca\/1-lea-vukic_otvaranje-53\/'><img loading=\"lazy\" decoding=\"async\" width=\"150\" height=\"150\" src=\"https:\/\/www.novigradsko-proljece.com\/web\/2015\/wp-content\/uploads\/sites\/6\/2015\/04\/1-Lea-Vukic_otvaranje-53-150x150.jpg\" class=\"attachment-thumbnail size-thumbnail\" alt=\"\" data-attachment-id=\"522\" data-orig-file=\"https:\/\/www.novigradsko-proljece.com\/web\/2015\/wp-content\/uploads\/sites\/6\/2015\/04\/1-Lea-Vukic_otvaranje-53.jpg\" data-orig-size=\"1936,1288\" data-comments-opened=\"1\" data-image-meta=\"{&quot;aperture&quot;:&quot;4.5&quot;,&quot;credit&quot;:&quot;&quot;,&quot;camera&quot;:&quot;Canon EOS 400D DIGITAL&quot;,&quot;caption&quot;:&quot;&quot;,&quot;created_timestamp&quot;:&quot;1429391342&quot;,&quot;copyright&quot;:&quot;&quot;,&quot;focal_length&quot;:&quot;35&quot;,&quot;iso&quot;:&quot;400&quot;,&quot;shutter_speed&quot;:&quot;0.02&quot;,&quot;title&quot;:&quot;&quot;,&quot;orientation&quot;:&quot;1&quot;}\" data-image-title=\"1-Lea Vukic_otvaranje  (53)\" data-image-description=\"\" data-medium-file=\"https:\/\/www.novigradsko-proljece.com\/web\/2015\/wp-content\/uploads\/sites\/6\/2015\/04\/1-Lea-Vukic_otvaranje-53-300x200.jpg\" data-large-file=\"https:\/\/www.novigradsko-proljece.com\/web\/2015\/wp-content\/uploads\/sites\/6\/2015\/04\/1-Lea-Vukic_otvaranje-53-1024x681.jpg\" \/><\/a>\n\t\t\t<\/dt><\/dl>\n\t\t\t<br style='clear: both' \/>\n\t\t<\/div>\n\n<p>&nbsp;<\/p>\n<p>&nbsp;<\/p>\n<p>&nbsp;<\/p>\n<p>&nbsp;<\/p>\n<p>&nbsp;<\/p>\n","protected":false},"excerpt":{"rendered":"<p>Kratka reporta\u017ea s upe\u010datljivog otvaranja 26. Novigradskog prolje\u0107a i 40. \u0160kole stvarala\u0161tva.<\/p>\n","protected":false},"author":539,"featured_media":520,"comment_status":"open","ping_status":"open","sticky":false,"template":"","format":"gallery","meta":{"footnotes":""},"categories":[88],"tags":[95,94],"class_list":["post-499","post","type-post","status-publish","format-gallery","has-post-thumbnail","hentry","category-vijesti","tag-novigradsko-proljece","tag-otvaranje","post_format-post-format-gallery"],"views":831,"_links":{"self":[{"href":"https:\/\/www.novigradsko-proljece.com\/web\/2015\/wp-json\/wp\/v2\/posts\/499","targetHints":{"allow":["GET"]}}],"collection":[{"href":"https:\/\/www.novigradsko-proljece.com\/web\/2015\/wp-json\/wp\/v2\/posts"}],"about":[{"href":"https:\/\/www.novigradsko-proljece.com\/web\/2015\/wp-json\/wp\/v2\/types\/post"}],"author":[{"embeddable":true,"href":"https:\/\/www.novigradsko-proljece.com\/web\/2015\/wp-json\/wp\/v2\/users\/539"}],"replies":[{"embeddable":true,"href":"https:\/\/www.novigradsko-proljece.com\/web\/2015\/wp-json\/wp\/v2\/comments?post=499"}],"version-history":[{"count":5,"href":"https:\/\/www.novigradsko-proljece.com\/web\/2015\/wp-json\/wp\/v2\/posts\/499\/revisions"}],"predecessor-version":[{"id":677,"href":"https:\/\/www.novigradsko-proljece.com\/web\/2015\/wp-json\/wp\/v2\/posts\/499\/revisions\/677"}],"wp:featuredmedia":[{"embeddable":true,"href":"https:\/\/www.novigradsko-proljece.com\/web\/2015\/wp-json\/wp\/v2\/media\/520"}],"wp:attachment":[{"href":"https:\/\/www.novigradsko-proljece.com\/web\/2015\/wp-json\/wp\/v2\/media?parent=499"}],"wp:term":[{"taxonomy":"category","embeddable":true,"href":"https:\/\/www.novigradsko-proljece.com\/web\/2015\/wp-json\/wp\/v2\/categories?post=499"},{"taxonomy":"post_tag","embeddable":true,"href":"https:\/\/www.novigradsko-proljece.com\/web\/2015\/wp-json\/wp\/v2\/tags?post=499"}],"curies":[{"name":"wp","href":"https:\/\/api.w.org\/{rel}","templated":true}]}}