{"id":490,"date":"2015-04-20T15:54:25","date_gmt":"2015-04-20T15:54:25","guid":{"rendered":"http:\/\/www.novigradsko-proljece.com\/web\/2015\/?p=490"},"modified":"2015-04-23T11:16:58","modified_gmt":"2015-04-23T09:16:58","slug":"posljednja-plovidba","status":"publish","type":"post","link":"https:\/\/www.novigradsko-proljece.com\/web\/2015\/490\/posljednja-plovidba\/","title":{"rendered":"Posljednja plovidba"},"content":{"rendered":"<p>Zavr\u0161na plovidba u ovogodi\u0161njoj \u0160koli stvarala\u0161tva odr\u017eat \u0107e se\u00a0u petak 24. travnja 2015. godine. Nakon rada u brojnim radionicama u petak je predvi\u0111ena zavr\u0161na promenada kroz Tr\u017enicu, Mandra\u010d, Prolaz Bo\u0161ka Petrovi\u0107a, Veliki trg.<\/p>\n<p>U srda\u010dnom razgovoru s ravnateljicom Davorkom Parma\u0107 saznali smo kurs za posljednju plovidbu. U Lapidariju \u0107e se pogledati izlo\u017eba i odr\u017eati kratak program, a nakon toga program se nastavlja kroz\u00a0 novigradski park i \u0161etnicu. \u00a0Ondje \u0107e se u ve\u010dernjim satima na obali odr\u017eati zavr\u0161ni doga\u0111aj &#8211; pu\u0161tanje 40 vatrenih lampiona u zrak kao simbol 40. godi\u0161njice \u0160kole stvarala\u0161tva, a ujedno se time obilje\u017eava i godina svjetlosti. Polaznici \u0107e u svojim radionicama sastaviti i 26 poruka u boci, koje \u0107e ribari odnijeti na pu\u010dinu, kao simbol 26. Novigradskog prolje\u0107a. Poruke \u0107e biti napisane na talijanskom i engleskom jeziku, u nadi da \u0107e morskim putem doprijeti do susjednih zemalja.<\/p>\n<p>Planira se napraviti vremenska kapsula koja bi obuhva\u0107ala sve pisane dokumente ovogodi\u0161nje \u0160kole stvarala\u0161tva. Vremenska kapsula &#8220;zabetonirat&#8221; \u0107e se u \u0161koli i otvoriti za 14 godina odnosno na 40. obljetnicu Novigradskog prolje\u0107a.<\/p>\n<p>Nakon ve\u010dere u hotelu predvi\u0111ena je podjela priznanja, svjedod\u017ebi i zahvalnica za sudjelovanje na Novigradskom prolje\u0107u.<\/p>\n<p>Da bi posljednja plovidba bila \u0161to ljep\u0161a, predvi\u0111eno je i zajedni\u010dko dru\u017eenje i zabava.<\/p>\n<p style=\"text-align: right\">Sanja Gregorini\u0107, Ana Fonovi\u0107 i Loris \u010ceh<\/p>\n","protected":false},"excerpt":{"rendered":"<p>Najava za zatvaranje 26. Novigradskog prolje\u0107a i 40. \u0160kole stvarala\u0161tva.<\/p>\n","protected":false},"author":539,"featured_media":495,"comment_status":"open","ping_status":"open","sticky":false,"template":"","format":"standard","meta":{"footnotes":""},"categories":[107,88],"tags":[109,98,96,97],"class_list":["post-490","post","type-post","status-publish","format-standard","has-post-thumbnail","hentry","category-najave","category-vijesti","tag-najava","tag-zadnji-dan","tag-zatvaranje","tag-zavrsna-priredba"],"views":907,"_links":{"self":[{"href":"https:\/\/www.novigradsko-proljece.com\/web\/2015\/wp-json\/wp\/v2\/posts\/490","targetHints":{"allow":["GET"]}}],"collection":[{"href":"https:\/\/www.novigradsko-proljece.com\/web\/2015\/wp-json\/wp\/v2\/posts"}],"about":[{"href":"https:\/\/www.novigradsko-proljece.com\/web\/2015\/wp-json\/wp\/v2\/types\/post"}],"author":[{"embeddable":true,"href":"https:\/\/www.novigradsko-proljece.com\/web\/2015\/wp-json\/wp\/v2\/users\/539"}],"replies":[{"embeddable":true,"href":"https:\/\/www.novigradsko-proljece.com\/web\/2015\/wp-json\/wp\/v2\/comments?post=490"}],"version-history":[{"count":5,"href":"https:\/\/www.novigradsko-proljece.com\/web\/2015\/wp-json\/wp\/v2\/posts\/490\/revisions"}],"predecessor-version":[{"id":1202,"href":"https:\/\/www.novigradsko-proljece.com\/web\/2015\/wp-json\/wp\/v2\/posts\/490\/revisions\/1202"}],"wp:featuredmedia":[{"embeddable":true,"href":"https:\/\/www.novigradsko-proljece.com\/web\/2015\/wp-json\/wp\/v2\/media\/495"}],"wp:attachment":[{"href":"https:\/\/www.novigradsko-proljece.com\/web\/2015\/wp-json\/wp\/v2\/media?parent=490"}],"wp:term":[{"taxonomy":"category","embeddable":true,"href":"https:\/\/www.novigradsko-proljece.com\/web\/2015\/wp-json\/wp\/v2\/categories?post=490"},{"taxonomy":"post_tag","embeddable":true,"href":"https:\/\/www.novigradsko-proljece.com\/web\/2015\/wp-json\/wp\/v2\/tags?post=490"}],"curies":[{"name":"wp","href":"https:\/\/api.w.org\/{rel}","templated":true}]}}