{"id":463,"date":"2015-04-20T15:41:40","date_gmt":"2015-04-20T13:41:40","guid":{"rendered":"http:\/\/www.novigradsko-proljece.com\/web\/2015\/?p=463"},"modified":"2015-04-22T10:44:08","modified_gmt":"2015-04-22T08:44:08","slug":"milenijska-fotografija","status":"publish","type":"post","link":"https:\/\/www.novigradsko-proljece.com\/web\/2015\/463\/milenijska-fotografija\/","title":{"rendered":"Milenijska fotografija"},"content":{"rendered":"<p style=\"text-align: justify\">Ve\u0107 niz godina odvija se tradicionalno snimanje milenijske fotografije svih sudionika Novigradskog prolje\u0107a, odnosno u\u010denika, mentora, organizatora i svih ljudi koji su na neki na\u010din povezani s Novigradskim prolje\u0107em i \u0160kolom stvarala\u0161tva. Cilj je da se svi zajedno okupimo na jednom mjestu i formiramo broj Novigradskog prolje\u0107a i \u0160kole stvarala\u0161tva. Ovogodi\u0161nje fotografiranje odr\u017eat \u0107e se u srijedu, 22. travnja 2015. godine, ispred nove sportske dvorane Novigrad u 15:40 sati. Sastojat \u0107e se od dvije fotografije, prva \u0107e biti u obliku broja 26 \u0161to predstavlja 26. Novigradsko prolje\u0107e, a druga u obliku broja 40 kao 40. \u0160kola stvarala\u0161tva. Fotografije \u0107e s dizalice snimiti voditelj fotoradionice Borislav Bo\u017ei\u0107, koji nam je rekao da je snimanje skupne fotografije vrlo va\u017eno kako bi svi sudionici imali uspomenu na sudjelovanje u \u0160koli stvarala\u0161tva i posjet malom istarskom gradi\u0107u, Novigradu.<\/p>\n<p style=\"text-align: right\">Karla U\u0161ljebrka<\/p>\n","protected":false},"excerpt":{"rendered":"<p>Vi\u0161e o snimanju milenijske fotografije.<\/p>\n","protected":false},"author":12,"featured_media":811,"comment_status":"open","ping_status":"open","sticky":false,"template":"","format":"standard","meta":{"footnotes":""},"categories":[107,88],"tags":[83,48,82,109],"class_list":["post-463","post","type-post","status-publish","format-standard","has-post-thumbnail","hentry","category-najave","category-vijesti","tag-fotografiranje","tag-fotoradionica","tag-milenijska-fotografija","tag-najava"],"views":1129,"_links":{"self":[{"href":"https:\/\/www.novigradsko-proljece.com\/web\/2015\/wp-json\/wp\/v2\/posts\/463","targetHints":{"allow":["GET"]}}],"collection":[{"href":"https:\/\/www.novigradsko-proljece.com\/web\/2015\/wp-json\/wp\/v2\/posts"}],"about":[{"href":"https:\/\/www.novigradsko-proljece.com\/web\/2015\/wp-json\/wp\/v2\/types\/post"}],"author":[{"embeddable":true,"href":"https:\/\/www.novigradsko-proljece.com\/web\/2015\/wp-json\/wp\/v2\/users\/12"}],"replies":[{"embeddable":true,"href":"https:\/\/www.novigradsko-proljece.com\/web\/2015\/wp-json\/wp\/v2\/comments?post=463"}],"version-history":[{"count":4,"href":"https:\/\/www.novigradsko-proljece.com\/web\/2015\/wp-json\/wp\/v2\/posts\/463\/revisions"}],"predecessor-version":[{"id":814,"href":"https:\/\/www.novigradsko-proljece.com\/web\/2015\/wp-json\/wp\/v2\/posts\/463\/revisions\/814"}],"wp:featuredmedia":[{"embeddable":true,"href":"https:\/\/www.novigradsko-proljece.com\/web\/2015\/wp-json\/wp\/v2\/media\/811"}],"wp:attachment":[{"href":"https:\/\/www.novigradsko-proljece.com\/web\/2015\/wp-json\/wp\/v2\/media?parent=463"}],"wp:term":[{"taxonomy":"category","embeddable":true,"href":"https:\/\/www.novigradsko-proljece.com\/web\/2015\/wp-json\/wp\/v2\/categories?post=463"},{"taxonomy":"post_tag","embeddable":true,"href":"https:\/\/www.novigradsko-proljece.com\/web\/2015\/wp-json\/wp\/v2\/tags?post=463"}],"curies":[{"name":"wp","href":"https:\/\/api.w.org\/{rel}","templated":true}]}}