{"id":325,"date":"2015-04-20T10:23:46","date_gmt":"2015-04-20T10:23:46","guid":{"rendered":"http:\/\/www.novigradsko-proljece.com\/web\/2015\/?p=325"},"modified":"2015-04-21T09:32:55","modified_gmt":"2015-04-21T07:32:55","slug":"predstavljanje-radionica-i-nocni-program","status":"publish","type":"post","link":"https:\/\/www.novigradsko-proljece.com\/web\/2015\/325\/predstavljanje-radionica-i-nocni-program\/","title":{"rendered":"Predstavljanje radionica i no\u0107ni program"},"content":{"rendered":"<p style=\"text-align: justify\">Svi su se u\u010denici u nedjelju 19.4. ( ujedno i dan kada radionice kre\u0107u s radom) okupili kako bi predstavili rad svojih radionica i dali ostalima uvid u ono \u010dime \u0107e se baviti ostatak tjedna. Sve su se radionice predstavile na svoj poseban na\u010din kako bi dobili uvid u njihov na\u010din rada i pogled na ovogodi\u0161nju temu.<\/p>\n<p style=\"text-align: justify\">Tako je fotoradionica pokazala svoje umije\u0107e fotografiraju\u0107i papirnate la\u0111e, slikarsko-scenografska je imala izvedbu modne izlo\u017ebe uz naraciju voditelja Theodora De Canziania, a slikovnica izradila transparent s motivima ovogodi\u0161nje teme. Neki su se i udru\u017eili, te su tako zajedni\u010dku to\u010dku izveli i skladateljska i radionica pjevanja.<\/p>\n<p style=\"text-align: justify\">Predstavljanje je ve\u0107 tradicionalno nastavljeno diskom u kojem su se polaznici mogli opustiti nakon prvog napornog dana. Program je trajao do deset sati nakon \u010dega su se svi pokupili u svoje sobe kako bi bilo odmorni za drugi dan.<\/p>\n<p style=\"text-align: justify\"><a href=\"http:\/\/www.novigradsko-proljece.com\/web\/2015\/wp-content\/uploads\/sites\/6\/2015\/04\/DSC_0417.jpg\"><img loading=\"lazy\" decoding=\"async\" class=\"alignnone size-medium wp-image-375\" src=\"http:\/\/www.novigradsko-proljece.com\/web\/2015\/wp-content\/uploads\/sites\/6\/2015\/04\/DSC_0417-300x169.jpg\" alt=\"DSC_0417\" width=\"300\" height=\"169\" srcset=\"https:\/\/www.novigradsko-proljece.com\/web\/2015\/wp-content\/uploads\/sites\/6\/2015\/04\/DSC_0417-300x169.jpg 300w, https:\/\/www.novigradsko-proljece.com\/web\/2015\/wp-content\/uploads\/sites\/6\/2015\/04\/DSC_0417-1024x576.jpg 1024w\" sizes=\"auto, (max-width: 300px) 100vw, 300px\" \/><\/a><\/p>\n","protected":false},"excerpt":{"rendered":"<p>Svi su se u\u010denici u nedjelju 19.4. ( ujedno i dan kada radionice kre\u0107u s radom) okupili kako bi predstavili rad svojih radionica i dali ostalima uvid u ono \u010dime \u0107e se baviti ostatak tjedna. Sve su se radionice predstavile na svoj poseban na\u010din kako bi dobili uvid u njihov na\u010din rada i pogled na [&hellip;]<\/p>\n","protected":false},"author":417,"featured_media":329,"comment_status":"open","ping_status":"open","sticky":false,"template":"","format":"standard","meta":{"footnotes":""},"categories":[88],"tags":[58,105],"class_list":["post-325","post","type-post","status-publish","format-standard","has-post-thumbnail","hentry","category-vijesti","tag-prvi-dan","tag-uvod-u-radionice"],"views":615,"_links":{"self":[{"href":"https:\/\/www.novigradsko-proljece.com\/web\/2015\/wp-json\/wp\/v2\/posts\/325","targetHints":{"allow":["GET"]}}],"collection":[{"href":"https:\/\/www.novigradsko-proljece.com\/web\/2015\/wp-json\/wp\/v2\/posts"}],"about":[{"href":"https:\/\/www.novigradsko-proljece.com\/web\/2015\/wp-json\/wp\/v2\/types\/post"}],"author":[{"embeddable":true,"href":"https:\/\/www.novigradsko-proljece.com\/web\/2015\/wp-json\/wp\/v2\/users\/417"}],"replies":[{"embeddable":true,"href":"https:\/\/www.novigradsko-proljece.com\/web\/2015\/wp-json\/wp\/v2\/comments?post=325"}],"version-history":[{"count":5,"href":"https:\/\/www.novigradsko-proljece.com\/web\/2015\/wp-json\/wp\/v2\/posts\/325\/revisions"}],"predecessor-version":[{"id":587,"href":"https:\/\/www.novigradsko-proljece.com\/web\/2015\/wp-json\/wp\/v2\/posts\/325\/revisions\/587"}],"wp:featuredmedia":[{"embeddable":true,"href":"https:\/\/www.novigradsko-proljece.com\/web\/2015\/wp-json\/wp\/v2\/media\/329"}],"wp:attachment":[{"href":"https:\/\/www.novigradsko-proljece.com\/web\/2015\/wp-json\/wp\/v2\/media?parent=325"}],"wp:term":[{"taxonomy":"category","embeddable":true,"href":"https:\/\/www.novigradsko-proljece.com\/web\/2015\/wp-json\/wp\/v2\/categories?post=325"},{"taxonomy":"post_tag","embeddable":true,"href":"https:\/\/www.novigradsko-proljece.com\/web\/2015\/wp-json\/wp\/v2\/tags?post=325"}],"curies":[{"name":"wp","href":"https:\/\/api.w.org\/{rel}","templated":true}]}}