{"id":141,"date":"2015-04-19T15:51:13","date_gmt":"2015-04-19T15:51:13","guid":{"rendered":"http:\/\/www.novigradsko-proljece.com\/web\/2015\/?p=141"},"modified":"2015-04-20T16:17:12","modified_gmt":"2015-04-20T16:17:12","slug":"scenske-radionice","status":"publish","type":"post","link":"https:\/\/www.novigradsko-proljece.com\/web\/2015\/141\/scenske-radionice\/","title":{"rendered":"Scenske radionice"},"content":{"rendered":"<p style=\"text-align: justify\">U scenskim se radionicama govornim izrazom, pokretom, glasom i gestom u\u010di vladati scenskim prostorom. Jutro je proteklo u vje\u017ebama upoznavanja i dramskim tehnikama koje u\u010de polaznike da budu &#8221;prava i slo\u017ena ekipa&#8221; za stvaranje predstave. Budu\u0107i da je scenska radionica omiljena i popularna kod sudionika Novigradskog prolje\u0107a, ove se godine dijeli u tri &#8221;radne&#8221; grupe.<\/p>\n<p style=\"text-align: right\">Paula Jozi\u0107, Ana Fonovi\u0107<\/p>\n","protected":false},"excerpt":{"rendered":"<p>U scenskim se radionicama govornim izrazom, pokretom, glasom i gestom u\u010di vladati scenskim prostorom. Jutro je proteklo u vje\u017ebama upoznavanja i dramskim tehnikama koje u\u010de polaznike da budu &#8221;prava i slo\u017ena ekipa&#8221; za stvaranje predstave. Budu\u0107i da je scenska radionica omiljena i popularna kod sudionika Novigradskog prolje\u0107a, ove se godine dijeli u tri &#8221;radne&#8221; grupe. [&hellip;]<\/p>\n","protected":false},"author":200,"featured_media":482,"comment_status":"open","ping_status":"open","sticky":false,"template":"","format":"standard","meta":{"footnotes":""},"categories":[35,88],"tags":[53,57,78],"class_list":["post-141","post","type-post","status-publish","format-standard","has-post-thumbnail","hentry","category-scenske-radionice","category-vijesti","tag-scena","tag-scenska-radionica","tag-scenske-radionice"],"views":571,"_links":{"self":[{"href":"https:\/\/www.novigradsko-proljece.com\/web\/2015\/wp-json\/wp\/v2\/posts\/141","targetHints":{"allow":["GET"]}}],"collection":[{"href":"https:\/\/www.novigradsko-proljece.com\/web\/2015\/wp-json\/wp\/v2\/posts"}],"about":[{"href":"https:\/\/www.novigradsko-proljece.com\/web\/2015\/wp-json\/wp\/v2\/types\/post"}],"author":[{"embeddable":true,"href":"https:\/\/www.novigradsko-proljece.com\/web\/2015\/wp-json\/wp\/v2\/users\/200"}],"replies":[{"embeddable":true,"href":"https:\/\/www.novigradsko-proljece.com\/web\/2015\/wp-json\/wp\/v2\/comments?post=141"}],"version-history":[{"count":4,"href":"https:\/\/www.novigradsko-proljece.com\/web\/2015\/wp-json\/wp\/v2\/posts\/141\/revisions"}],"predecessor-version":[{"id":527,"href":"https:\/\/www.novigradsko-proljece.com\/web\/2015\/wp-json\/wp\/v2\/posts\/141\/revisions\/527"}],"wp:featuredmedia":[{"embeddable":true,"href":"https:\/\/www.novigradsko-proljece.com\/web\/2015\/wp-json\/wp\/v2\/media\/482"}],"wp:attachment":[{"href":"https:\/\/www.novigradsko-proljece.com\/web\/2015\/wp-json\/wp\/v2\/media?parent=141"}],"wp:term":[{"taxonomy":"category","embeddable":true,"href":"https:\/\/www.novigradsko-proljece.com\/web\/2015\/wp-json\/wp\/v2\/categories?post=141"},{"taxonomy":"post_tag","embeddable":true,"href":"https:\/\/www.novigradsko-proljece.com\/web\/2015\/wp-json\/wp\/v2\/tags?post=141"}],"curies":[{"name":"wp","href":"https:\/\/api.w.org\/{rel}","templated":true}]}}