{"id":1387,"date":"2015-04-24T11:17:49","date_gmt":"2015-04-24T09:17:49","guid":{"rendered":"http:\/\/www.novigradsko-proljece.com\/web\/2015\/?p=1387"},"modified":"2015-04-24T11:17:49","modified_gmt":"2015-04-24T09:17:49","slug":"koncert-u-crkvi-sv-pelagija","status":"publish","type":"post","link":"https:\/\/www.novigradsko-proljece.com\/web\/2015\/1387\/koncert-u-crkvi-sv-pelagija\/","title":{"rendered":"Koncert u crkvi sv. Pelagija"},"content":{"rendered":"<p>Ve\u0107 tradicionalno,\u00a0koncert u crkvi Svetog Pelagija odr\u017ean je u \u010detvrtak, 23. travnja 2015. s po\u010detkom u 20:30. Program se sastojao od 22 to\u010dke Scenske, Skladateljske, Literarne radionice te Radionica pjevanja i Scenske glazbe. Zatim je prvi put podignuta nova novigradska zastava, djelo Karla Gr\u017eana,\u00a0polaznika\u00a0slikarsko scenografske radionice. Podizanje je popra\u0107eno recitacijom polaznika Scenske 3\u00a0nakon \u010dega je Radionica pjevanja otpjevala Himnu slobodi Ivana Gunduli\u0107a. Program se nastavio u sve\u010danom tonu pa su tako odsvirane i otpjevane pjesme Krist na \u017ealu, Agnus dei, Bo\u017ee moj, I&#8217;m so glad, Hallelujah&#8230; Polaznici Scenske glazbe izveli su sedam autorskih skladbi od kojih je mo\u017eda najva\u017enije spomenuti zajedni\u010dku kompoziciju polaznika Putovanje od Novalje do Novigrada. Prisutne je posebno dojmilo izvo\u0111enje pjesama na\u0161eg Jo\u017ee Prudeusa, Novigradskom patronu, Konj na obzorju i Moje more. Solo dionice su izvodile pjeva\u010dice Maja Andri\u0107, Ivana Mrv\u010di\u0107 i Marija Tomorad. Polaznici Literarne radionice Mislav Habulin, Eva Marija Tur\u0161i\u0107 i Lora Dumen\u010di\u0107 izrecitirali su svoje pjesme. Za kraj je otpjevana Himna sv. Pelagiju. Cijeli koncert je snimala Videodokumentarna radionica koja je po prvi puta u \u0160koli stvarala\u0161tva prenosila koncertni program cijeloj Hrvatskoj. Najemotivniji trenutak zasigurno je bio susret Jo\u017ee s Mirjanom \u017du\u017ei\u0107 (\u017du\u017eom) i Josipom Kruni\u0107em. Dugoo\u010dekivani Josip Prudeus se za kraj obratio okupljenima. Koncert je zavr\u0161io uz puno suza, ali i glazbe. \u010cestitamo svim sudionicima i organizatorima koji su, kao i uvijek, napravili zaista odli\u010dan posao.<\/p>\n<p><a href=\"http:\/\/www.novigradsko-proljece.com\/web\/2015\/wp-content\/uploads\/sites\/6\/2015\/04\/2-Nastup-u-crkvi-Ana-Marija-Lesica-17.jpg\"><img loading=\"lazy\" decoding=\"async\" class=\"alignnone size-medium wp-image-1422\" src=\"http:\/\/www.novigradsko-proljece.com\/web\/2015\/wp-content\/uploads\/sites\/6\/2015\/04\/2-Nastup-u-crkvi-Ana-Marija-Lesica-17-300x225.jpg\" alt=\"Nastup u crkvi, Ana Marija Lesica \" width=\"300\" height=\"225\" srcset=\"https:\/\/www.novigradsko-proljece.com\/web\/2015\/wp-content\/uploads\/sites\/6\/2015\/04\/2-Nastup-u-crkvi-Ana-Marija-Lesica-17-300x225.jpg 300w, https:\/\/www.novigradsko-proljece.com\/web\/2015\/wp-content\/uploads\/sites\/6\/2015\/04\/2-Nastup-u-crkvi-Ana-Marija-Lesica-17.jpg 800w\" sizes=\"auto, (max-width: 300px) 100vw, 300px\" \/><\/a><\/p>\n","protected":false},"excerpt":{"rendered":"<p>Crkva Svetog Pelagija i ove je godine ugostila tradicionalan koncert polaznika \u0160kole stvarala\u0161tva.<\/p>\n","protected":false},"author":15,"featured_media":1423,"comment_status":"open","ping_status":"open","sticky":false,"template":"","format":"standard","meta":{"footnotes":""},"categories":[88,108],"tags":[52,116,39,55],"class_list":["post-1387","post","type-post","status-publish","format-standard","has-post-thumbnail","hentry","category-vijesti","category-vijesti-dana","tag-glazba","tag-koncert","tag-literarna","tag-pjevanje"],"views":1762,"_links":{"self":[{"href":"https:\/\/www.novigradsko-proljece.com\/web\/2015\/wp-json\/wp\/v2\/posts\/1387","targetHints":{"allow":["GET"]}}],"collection":[{"href":"https:\/\/www.novigradsko-proljece.com\/web\/2015\/wp-json\/wp\/v2\/posts"}],"about":[{"href":"https:\/\/www.novigradsko-proljece.com\/web\/2015\/wp-json\/wp\/v2\/types\/post"}],"author":[{"embeddable":true,"href":"https:\/\/www.novigradsko-proljece.com\/web\/2015\/wp-json\/wp\/v2\/users\/15"}],"replies":[{"embeddable":true,"href":"https:\/\/www.novigradsko-proljece.com\/web\/2015\/wp-json\/wp\/v2\/comments?post=1387"}],"version-history":[{"count":3,"href":"https:\/\/www.novigradsko-proljece.com\/web\/2015\/wp-json\/wp\/v2\/posts\/1387\/revisions"}],"predecessor-version":[{"id":1424,"href":"https:\/\/www.novigradsko-proljece.com\/web\/2015\/wp-json\/wp\/v2\/posts\/1387\/revisions\/1424"}],"wp:featuredmedia":[{"embeddable":true,"href":"https:\/\/www.novigradsko-proljece.com\/web\/2015\/wp-json\/wp\/v2\/media\/1423"}],"wp:attachment":[{"href":"https:\/\/www.novigradsko-proljece.com\/web\/2015\/wp-json\/wp\/v2\/media?parent=1387"}],"wp:term":[{"taxonomy":"category","embeddable":true,"href":"https:\/\/www.novigradsko-proljece.com\/web\/2015\/wp-json\/wp\/v2\/categories?post=1387"},{"taxonomy":"post_tag","embeddable":true,"href":"https:\/\/www.novigradsko-proljece.com\/web\/2015\/wp-json\/wp\/v2\/tags?post=1387"}],"curies":[{"name":"wp","href":"https:\/\/api.w.org\/{rel}","templated":true}]}}