{"id":1311,"date":"2015-04-24T09:57:12","date_gmt":"2015-04-24T07:57:12","guid":{"rendered":"http:\/\/www.novigradsko-proljece.com\/web\/2015\/?p=1311"},"modified":"2015-04-25T17:32:36","modified_gmt":"2015-04-25T15:32:36","slug":"jesu-li-ucenici-zadovoljni-novigradskim-proljecem","status":"publish","type":"post","link":"https:\/\/www.novigradsko-proljece.com\/web\/2015\/1311\/jesu-li-ucenici-zadovoljni-novigradskim-proljecem\/","title":{"rendered":"Jesu li u\u010denici zadovoljni Novigradskim prolje\u0107em?"},"content":{"rendered":"<p>Na Novigradskom prolje\u0107u sudjeluje 305 u\u010denika osnovnih i srednjih \u0161kola. Na\u0161 je zadatak bio saznati kako su zadovoljni organizacijom NP ove godine. \u00a0Anketirali smo 16 u\u010denika. Postavili smo im \u010detiri pitanja. Odgovori i mi\u0161ljenja su bili razli\u010diti pa \u0107emo ih prikazati pomo\u0107u &#8220;tortice&#8221;.<\/p>\n<p>1.Kako vam se svi\u0111a hotel ?<\/p>\n<p>Djelatnici Hotela Laguna mogu biti sretni rezultatima. 88% u\u010denika dalo je ocjenu pet ili \u010detiri. Dobre ocjene su vrlo vjerojatno dobili zbog dobre kuhinje i bazena.<\/p>\n<p>&nbsp;<\/p>\n<p><a href=\"http:\/\/www.novigradsko-proljece.com\/web\/2015\/wp-content\/uploads\/sites\/6\/2015\/04\/meta-chart-2.jpeg\"><img loading=\"lazy\" decoding=\"async\" class=\"  wp-image-1351 aligncenter\" src=\"http:\/\/www.novigradsko-proljece.com\/web\/2015\/wp-content\/uploads\/sites\/6\/2015\/04\/meta-chart-2-300x200.jpeg\" alt=\"meta-chart (2)\" width=\"453\" height=\"302\" srcset=\"https:\/\/www.novigradsko-proljece.com\/web\/2015\/wp-content\/uploads\/sites\/6\/2015\/04\/meta-chart-2-300x200.jpeg 300w, https:\/\/www.novigradsko-proljece.com\/web\/2015\/wp-content\/uploads\/sites\/6\/2015\/04\/meta-chart-2-1024x683.jpeg 1024w, https:\/\/www.novigradsko-proljece.com\/web\/2015\/wp-content\/uploads\/sites\/6\/2015\/04\/meta-chart-2.jpeg 1200w\" sizes=\"auto, (max-width: 453px) 100vw, 453px\" \/><\/a><\/p>\n<p>&nbsp;<\/p>\n<p>2. Kojom ocjenom biste ocijenili atmosferu na Novigradskom prolje\u0107u?<\/p>\n<p>Prema odgovorima, atmosfera je stvarno odli\u010dna i svima je ovdje lijepo.<\/p>\n<p>&nbsp;<\/p>\n<p><a href=\"http:\/\/www.novigradsko-proljece.com\/web\/2015\/wp-content\/uploads\/sites\/6\/2015\/04\/meta-chart-3.jpeg\"><img loading=\"lazy\" decoding=\"async\" class=\"  wp-image-1358 aligncenter\" src=\"http:\/\/www.novigradsko-proljece.com\/web\/2015\/wp-content\/uploads\/sites\/6\/2015\/04\/meta-chart-3-300x200.jpeg\" alt=\"meta-chart (3)\" width=\"460\" height=\"306\" srcset=\"https:\/\/www.novigradsko-proljece.com\/web\/2015\/wp-content\/uploads\/sites\/6\/2015\/04\/meta-chart-3-300x200.jpeg 300w, https:\/\/www.novigradsko-proljece.com\/web\/2015\/wp-content\/uploads\/sites\/6\/2015\/04\/meta-chart-3-1024x683.jpeg 1024w, https:\/\/www.novigradsko-proljece.com\/web\/2015\/wp-content\/uploads\/sites\/6\/2015\/04\/meta-chart-3.jpeg 1200w\" sizes=\"auto, (max-width: 460px) 100vw, 460px\" \/><\/a><\/p>\n<p>&nbsp;<\/p>\n<p>&nbsp;<\/p>\n<p>3. Kojom ocjenom bi ocijenio rad u svojoj radionici?<\/p>\n<p>Ovo pitanje je pitanje s najve\u0107im postotkom petica i prema tome zaklju\u010dujemo da im je to najbolji dio Novigradskog prolje\u0107a.<a href=\"http:\/\/www.novigradsko-proljece.com\/web\/2015\/wp-content\/uploads\/sites\/6\/2015\/04\/meta-chart-4.jpeg\"><img loading=\"lazy\" decoding=\"async\" class=\"  wp-image-1364 aligncenter\" src=\"http:\/\/www.novigradsko-proljece.com\/web\/2015\/wp-content\/uploads\/sites\/6\/2015\/04\/meta-chart-4-300x200.jpeg\" alt=\"meta-chart (4)\" width=\"429\" height=\"285\" srcset=\"https:\/\/www.novigradsko-proljece.com\/web\/2015\/wp-content\/uploads\/sites\/6\/2015\/04\/meta-chart-4-300x200.jpeg 300w, https:\/\/www.novigradsko-proljece.com\/web\/2015\/wp-content\/uploads\/sites\/6\/2015\/04\/meta-chart-4-1024x683.jpeg 1024w, https:\/\/www.novigradsko-proljece.com\/web\/2015\/wp-content\/uploads\/sites\/6\/2015\/04\/meta-chart-4.jpeg 1200w\" sizes=\"auto, (max-width: 429px) 100vw, 429px\" \/><\/a><\/p>\n<p>&nbsp;<\/p>\n<p>4.Smatrate li da je raspored pretrpan i da bi trebali imati vi\u0161e slobodnog vremena.<\/p>\n<p>Na ovo pitanje bilo je najvi\u0161e neizvjesnosti. U\u010denici su se uvijek umorno vra\u0107ali u hotel i imali tri sata slobodnog izme\u0111u jutarnjeg i popodnevnog termina. Pa to sada vi presudite.<\/p>\n<p>&nbsp;<\/p>\n<p><a href=\"http:\/\/www.novigradsko-proljece.com\/web\/2015\/wp-content\/uploads\/sites\/6\/2015\/04\/meta-chart-5.jpeg\"><img loading=\"lazy\" decoding=\"async\" class=\"  wp-image-1370 aligncenter\" src=\"http:\/\/www.novigradsko-proljece.com\/web\/2015\/wp-content\/uploads\/sites\/6\/2015\/04\/meta-chart-5-300x200.jpeg\" alt=\"meta-chart (5)\" width=\"484\" height=\"322\" srcset=\"https:\/\/www.novigradsko-proljece.com\/web\/2015\/wp-content\/uploads\/sites\/6\/2015\/04\/meta-chart-5-300x200.jpeg 300w, https:\/\/www.novigradsko-proljece.com\/web\/2015\/wp-content\/uploads\/sites\/6\/2015\/04\/meta-chart-5-1024x683.jpeg 1024w, https:\/\/www.novigradsko-proljece.com\/web\/2015\/wp-content\/uploads\/sites\/6\/2015\/04\/meta-chart-5.jpeg 1200w\" sizes=\"auto, (max-width: 484px) 100vw, 484px\" \/><\/a><\/p>\n<p>&nbsp;<\/p>\n<p>Ukoliko vas nismo anketirali u komentaru mo\u017eete izraziti va\u0161e mi\u0161ljenje<\/p>\n<p>&nbsp;<\/p>\n<p style=\"text-align: right\">\u00a0 Petar Dundara<\/p>\n<p style=\"text-align: right\">Pavao Smoli\u0107<\/p>\n","protected":false},"excerpt":{"rendered":"<p>Odlu\u010dili smo saznati zadovoljstvo u\u010denika NP.<\/p>\n","protected":false},"author":540,"featured_media":1393,"comment_status":"open","ping_status":"open","sticky":false,"template":"","format":"standard","meta":{"footnotes":""},"categories":[112],"tags":[129,173],"class_list":["post-1311","post","type-post","status-publish","format-standard","has-post-thumbnail","hentry","category-ankete","tag-anketa","tag-ucenici"],"views":1619,"_links":{"self":[{"href":"https:\/\/www.novigradsko-proljece.com\/web\/2015\/wp-json\/wp\/v2\/posts\/1311","targetHints":{"allow":["GET"]}}],"collection":[{"href":"https:\/\/www.novigradsko-proljece.com\/web\/2015\/wp-json\/wp\/v2\/posts"}],"about":[{"href":"https:\/\/www.novigradsko-proljece.com\/web\/2015\/wp-json\/wp\/v2\/types\/post"}],"author":[{"embeddable":true,"href":"https:\/\/www.novigradsko-proljece.com\/web\/2015\/wp-json\/wp\/v2\/users\/540"}],"replies":[{"embeddable":true,"href":"https:\/\/www.novigradsko-proljece.com\/web\/2015\/wp-json\/wp\/v2\/comments?post=1311"}],"version-history":[{"count":16,"href":"https:\/\/www.novigradsko-proljece.com\/web\/2015\/wp-json\/wp\/v2\/posts\/1311\/revisions"}],"predecessor-version":[{"id":1666,"href":"https:\/\/www.novigradsko-proljece.com\/web\/2015\/wp-json\/wp\/v2\/posts\/1311\/revisions\/1666"}],"wp:featuredmedia":[{"embeddable":true,"href":"https:\/\/www.novigradsko-proljece.com\/web\/2015\/wp-json\/wp\/v2\/media\/1393"}],"wp:attachment":[{"href":"https:\/\/www.novigradsko-proljece.com\/web\/2015\/wp-json\/wp\/v2\/media?parent=1311"}],"wp:term":[{"taxonomy":"category","embeddable":true,"href":"https:\/\/www.novigradsko-proljece.com\/web\/2015\/wp-json\/wp\/v2\/categories?post=1311"},{"taxonomy":"post_tag","embeddable":true,"href":"https:\/\/www.novigradsko-proljece.com\/web\/2015\/wp-json\/wp\/v2\/tags?post=1311"}],"curies":[{"name":"wp","href":"https:\/\/api.w.org\/{rel}","templated":true}]}}