{"id":1306,"date":"2015-04-23T17:56:18","date_gmt":"2015-04-23T15:56:18","guid":{"rendered":"http:\/\/www.novigradsko-proljece.com\/web\/2015\/?p=1306"},"modified":"2015-04-23T18:09:23","modified_gmt":"2015-04-23T16:09:23","slug":"jesu-li-hospitanti-zadovoljni-novigradskim-proljecem","status":"publish","type":"post","link":"https:\/\/www.novigradsko-proljece.com\/web\/2015\/1306\/jesu-li-hospitanti-zadovoljni-novigradskim-proljecem\/","title":{"rendered":"Jesu li hospitanti zadovoljni Novigradskim prolje\u0107em?"},"content":{"rendered":"<p>Osim u\u010denika na Novigradskom prolje\u0107u sudjeluje i 36 hospitanata odnosno u\u010ditelja i nastavnika iz osnovnih i srednjih \u0161kola. Htjeli smo saznati kako su oni zadovoljni sudjelovanjem na \u0160koli stvarala\u0161tva i koliko su njihova o\u010dekivanja ispunjena.<\/p>\n<p>Svi hospitanti sla\u017eu se da je Novigradsko prolje\u0107e i vi\u0161e nego korisno, na skali od 1 do 5 ve\u0107inom bi dali ocjenu 10.<\/p>\n<p>Kao najbolje \u0161to su do\u017eivjeli ovih proteklih dana izdvojili su: atmosferu, nova iskustva, brojne nau\u010dene sadr\u017eaje, dru\u017eenje, druge oblike u\u010denja, brojna poznanstva, nova iskustva, pozitivnu energiju, kreativne ispade djece.<\/p>\n<p>Na pitanje: &#8220;\u0160to \u0107ete koristiti u nastavi od nau\u010denog ili vi\u0111enog na Novigradskom prolje\u0107u&#8221; ve\u0107ina ispitanika je odgovorila sve. Osim toga bilo je i odgovora npr. nove vrste podu\u010davanja, igre, oslu\u0161kivanje ideja u\u010denika, dramsku pedagogiju.<\/p>\n<p>Svi ispitani hospitanti namjeravaju se prijaviti i slijede\u0107ih godina. Jedino oko \u010dega se hospitanti ne sla\u017eu je, treba li imati vi\u0161e slobodnog vremena, odnosno je li raspored prenatrpan. Brojni smatraju kako bi trebalo imati sat vremena vi\u0161e slobodnog vremena.<\/p>\n<p>Bez obzira na udarni\u010dki tempo u radionicama, rada od 7 sati dnevno i cjelove\u010dernje programe hospitanti su generalno zadovoljni sudjelovanjem na Novigradskom prolje\u0107u, atmosferom, nau\u010denim i naravno ste\u010denim iskustvom. Ono \u0161to je najva\u017enije, svi \u0107e hospitanti \u0161iriti dobar glas \u0160kole stvarala\u0161tva.<\/p>\n<p style=\"text-align: right\">Sanja Gregorini\u0107<\/p>\n<p>&nbsp;<\/p>\n<p>&nbsp;<\/p>\n","protected":false},"excerpt":{"rendered":"<p>Osim u\u010denika na Novigradskom prolje\u0107u sudjeluje i 36 hospitanata odnosno u\u010ditelja i nastavnika iz osnovnih i srednjih \u0161kola. Htjeli smo saznati kako su oni zadovoljni sudjelovanjem na \u0160koli stvarala\u0161tva i koliko su njihova o\u010dekivanja ispunjena.<\/p>\n","protected":false},"author":539,"featured_media":1334,"comment_status":"open","ping_status":"open","sticky":false,"template":"","format":"standard","meta":{"footnotes":""},"categories":[112],"tags":[230,203,231],"class_list":["post-1306","post","type-post","status-publish","format-standard","has-post-thumbnail","hentry","category-ankete","tag-hospitanti","tag-stvaralastvo","tag-zadovoljstvo"],"views":1086,"_links":{"self":[{"href":"https:\/\/www.novigradsko-proljece.com\/web\/2015\/wp-json\/wp\/v2\/posts\/1306","targetHints":{"allow":["GET"]}}],"collection":[{"href":"https:\/\/www.novigradsko-proljece.com\/web\/2015\/wp-json\/wp\/v2\/posts"}],"about":[{"href":"https:\/\/www.novigradsko-proljece.com\/web\/2015\/wp-json\/wp\/v2\/types\/post"}],"author":[{"embeddable":true,"href":"https:\/\/www.novigradsko-proljece.com\/web\/2015\/wp-json\/wp\/v2\/users\/539"}],"replies":[{"embeddable":true,"href":"https:\/\/www.novigradsko-proljece.com\/web\/2015\/wp-json\/wp\/v2\/comments?post=1306"}],"version-history":[{"count":5,"href":"https:\/\/www.novigradsko-proljece.com\/web\/2015\/wp-json\/wp\/v2\/posts\/1306\/revisions"}],"predecessor-version":[{"id":1356,"href":"https:\/\/www.novigradsko-proljece.com\/web\/2015\/wp-json\/wp\/v2\/posts\/1306\/revisions\/1356"}],"wp:featuredmedia":[{"embeddable":true,"href":"https:\/\/www.novigradsko-proljece.com\/web\/2015\/wp-json\/wp\/v2\/media\/1334"}],"wp:attachment":[{"href":"https:\/\/www.novigradsko-proljece.com\/web\/2015\/wp-json\/wp\/v2\/media?parent=1306"}],"wp:term":[{"taxonomy":"category","embeddable":true,"href":"https:\/\/www.novigradsko-proljece.com\/web\/2015\/wp-json\/wp\/v2\/categories?post=1306"},{"taxonomy":"post_tag","embeddable":true,"href":"https:\/\/www.novigradsko-proljece.com\/web\/2015\/wp-json\/wp\/v2\/tags?post=1306"}],"curies":[{"name":"wp","href":"https:\/\/api.w.org\/{rel}","templated":true}]}}