{"id":1213,"date":"2015-04-23T16:25:04","date_gmt":"2015-04-23T14:25:04","guid":{"rendered":"http:\/\/www.novigradsko-proljece.com\/web\/2015\/?p=1213"},"modified":"2015-04-23T17:56:39","modified_gmt":"2015-04-23T15:56:39","slug":"u-novigrad-me-vraca-ljubav-prema-djeci","status":"publish","type":"post","link":"https:\/\/www.novigradsko-proljece.com\/web\/2015\/1213\/u-novigrad-me-vraca-ljubav-prema-djeci\/","title":{"rendered":"U Novigrad me vra\u0107a ljubav prema djeci"},"content":{"rendered":"<p>Mirjana \u017du\u017ei\u0107 zvana \u201e\u017du\u017ea\u201c jedna je od onih koji najdulje sudjeluju u radu \u0160kole stvarala\u0161tva. Voditeljica je Skladateljske radionice. Tako\u0111er je i autorica ud\u017ebenika za glazbenu kulturu \u201eGlazbena \u010darolija\u201c i likovna umjetnica. Stvar koja ju svake godine vra\u0107a u Novigrad je ljubav prema djeci.<\/p>\n<p><strong>Kad i kako ste se po\u010deli baviti glazbom i likovnom umjetno\u0161\u0107u?<\/strong><\/p>\n<p>Kao dijete sam s devet godina krenula u glazbenu \u0161kolu sa svojim starijim bratom, bilo mi je fora njega pratiti. Obiteljski smo se bavili glazbom, brat je kasnije postao dirigent. Zavr\u0161iv\u0161i srednju glazbenu \u0161kolu upisala sam na Pedago\u0161koj akademiji likovni, a poslije i dopunski studij glazbe tako da imam zavr\u0161ena oba studija: i likovni i glazbeni.<\/p>\n<p><strong>\u0160to vam je dra\u017ee: glazba ili likovna umjetnost?<\/strong><\/p>\n<p>Ne bih ba\u0161 mogla izdvojiti \u0161to mi je dra\u017ee. Pro\u0161li mjesec sam imala veliku samostalnu izlo\u017ebu u Na\u0161icama u dvorcu Dore Peja\u010devi\u0107 s kolegom Borisom Roceom, a sad je ona postavljena u galeriji u Osijeku. To je \u0161to se ti\u010de likovne strane. Ina\u010de, moje skladbe se izvode po razli\u010ditim mjestima, a s Doris Kova\u010di\u0107, koja je bila moja u\u010denica i koja vodi radionicu pjevanja, napisala sam ud\u017ebenik za glazbenu kulturu \u201eGlazbena \u010darolija\u201c za prvi, drugi i tre\u0107i razred osnovne \u0161kole.<\/p>\n<p><strong>Kako ste do\u0161li na ideju da napi\u0161ete taj ud\u017ebenik?<\/strong><\/p>\n<p>U Novigrad je do\u0161la profesorica iz Zagreba i gledala kako mi ovdje radimo. Pitala me bih li ja napisala ud\u017ebenik glazbene kulture koji je veseo, otka\u010den, koji nije suhoparan. Ja sam naravno pristala i pozvala Doris da ga napi\u0161e sa mnom. Ina\u010de, ona i ja smo mnogo stvari radile zajedno, kad god bi mene negdje pozvali, ja bih pozvala Doris, koja je bila izuzetno talentirana i povela je sa sobom. I tako smo nas dvije odlu\u010dile napisati ud\u017ebenike.<\/p>\n<p><strong>Koliko ste ponosni na taj ud\u017ebenik, \u0161to vam on zna\u010di?<\/strong><\/p>\n<p>Jesam li ba\u0161 ponosna, ne bih mo\u017eda upotrijebila tu rije\u010d. Ja sam zadovoljna da su djeca jako lijepo to prihvatila. Bilo je slu\u010dajeva da su mala djeca u knji\u017enici vidjev\u0161i te ud\u017ebenike pitala: \u201eMo\u017eemo li uzeti?\u201c Mislili su da je knjiga jer su ti ud\u017ebenici izuzetno dobro oslikani, jako veseli, ba\u0161 primjereni djeci.<\/p>\n<p><strong>Kako vam je bilo raditi s djecom oboljelom od Downovog sindroma?<\/strong><\/p>\n<p>Uvijek je rad s djecom, bili oni bolesni od neke bolesti ili zdravi za mene bio jedan izazov. Silno volim djecu i cijeli sam \u017eivot i \u017eeljela raditi s njima \u0161to se na koncu i ostvarilo. Djeca oboljela od Downovog sindroma su izuzetno draga, imala sam jednog dje\u010da\u010di\u0107a kojega nikad ne\u0107u zaboraviti. Kad god sam vidjela da je on umoran, ja bih sa sobom imala kruha i putra. On bi jeo taj kruh i putar i bio sasvim sretan. Dodir im je bio izuzetno va\u017ean,uvijek je htio dr\u017eati ruku na mojem ramenu ili koljenu. Tako smo mi komunicirali.<\/p>\n<p><strong>Vi od po\u010detka sudjelujete u radu \u0160kole stvarala\u0161tva, mo\u017eete li nam re\u0107i \u0161to je to?<\/strong><\/p>\n<p>\u0160kola stvarala\u0161tva je zami\u0161ljena za djecu koja imaju odre\u0111eni talent, po\u010dela je u Novalji na zamisao profesora Todori\u0107a, samo pisanjem pjesama i sastavaka. Onda se polako to po\u010delo \u0161iriti na likovne radionice, glazbu i tako dalje.<\/p>\n<p><strong>Kako ste vi saznali za \u0160kolu stvarala\u0161tva i po\u010deli sudjelovati u njoj?<\/strong><\/p>\n<p>Profesor Todori\u0107 me pozvao jer sam se u Rijeci bavila likovnim, zborom, raznim nastupima, \u010dak i plesom i bila sam kod njih poznata kao jedna kreativna osoba. Tako sam na poziv do\u0161la u Novalju.<\/p>\n<p><strong>Koliko se razlikuje Listopad u Novalji od Novigradskog prolje\u0107a?<\/strong><\/p>\n<p>Listopad u Novalji su bili za\u010detci \u0160kole stvarala\u0161tva, bilo je puno manje djece koja su bila smje\u0161tena po obiteljima. Trajao je dvanaest godina, a \u0160kola stvarala\u0161tva je postupno rasla dodavanjem razli\u010ditih radionica. I\u0161li smo po selima i izvodili koncerte, \u010ditali poeziju. Broj djece se pove\u0107avao, a ljudi su bili sve manje voljni primati djecu kod sebe na sedam dana. Onda je do\u0161la ravnateljica Davorka iz novigradske \u0161kole i predlo\u017eila da se premjestimo u Novigrad. Jednu godinu smo pauzirali i onda po\u010deli dolaziti ovdje, a \u0160kola stvarala\u0161tva se jo\u0161 pro\u0161irila.<\/p>\n<p><strong>Koliko djeca utje\u010du na Vas?<\/strong><\/p>\n<p>Djeca su uvijek jedan odre\u0111eni izazov. Mi koji smo dugo ovdje svake godine dolazimo bez razmi\u0161ljanja. Djeca su velika motivacija, kada dijete do\u0111e do mene i po\u010dne komunicirati tada se ve\u0107 stvara jedna odre\u0111ena veza, ja \u010ditam dijete, dijete \u010dita mene i mi zajedno stvaramo knjigu. Rijetko koje dijete do\u0111e ba\u0161 s predispozicijom da je skladatelj, ono do\u0111e sa znanjem glazbe, ali za skladanje treba taj jedan uvjet koji mu ja poku\u0161avam dati. Ja njega poku\u0161avam otvoriti za skladanje koje je neka simbioza teksta i glazbe koja se mora na neki na\u010din ujedna\u010diti da bi se dobila ljupkost i svje\u017eina skladbe.<\/p>\n<p><strong>Radite li svake godine isto ili mijenjate program?<\/strong><\/p>\n<p>Program se, naravno, mijenja jer su teme svaki put druga\u010dije. Na\u010din rada je nekako dosta ustaljen, motivira te dolazak nove djece. To je ne\u0161to \u0161to je uvijek jedan odre\u0111eni izazov. Djeca koja do\u0111u su kao prazna kajdanka u koju ti pi\u0161e\u0161 note. Netko je osminka, netko \u010detvrtinka, netko cijela nota.<\/p>\n<p><strong>\u0160to je to \u0161to Vas svake godine vra\u0107a u Novigrad?<\/strong><\/p>\n<p>Ljubav prema djeci i prema takvom na\u010dinu rada. To je ne\u0161to \u0161to me ispunjava u ovih sedam dana, mi smo svi ovdje sretni, pogotovo oni koje vole takvu kreativnost. Jer, ti se ne mo\u017ee\u0161 spremati za to, ne do\u0111e\u0161 ovdje s napisanim pripremama, to je jedan oblik kreativne improvizacije. Svako dijete je jedna individua koju prelazi\u0161 na svoj na\u010din, koji je spreman dati ili ga mora\u0161 otvoriti kao cvijet da bi ne\u0161to dao. Za nas koji dolazimo ovdje godinama to je jedna velika radost.<\/p>\n<p>Iva Orepi\u0107<\/p>\n","protected":false},"excerpt":{"rendered":"<p>Intervju s Mirjanom \u017du\u017ei\u0107<\/p>\n","protected":false},"author":546,"featured_media":1225,"comment_status":"open","ping_status":"open","sticky":false,"template":"","format":"standard","meta":{"footnotes":""},"categories":[111],"tags":[223,121],"class_list":["post-1213","post","type-post","status-publish","format-standard","has-post-thumbnail","hentry","category-intervjui","tag-mirjana-zuzic","tag-skladateljska"],"views":1233,"_links":{"self":[{"href":"https:\/\/www.novigradsko-proljece.com\/web\/2015\/wp-json\/wp\/v2\/posts\/1213","targetHints":{"allow":["GET"]}}],"collection":[{"href":"https:\/\/www.novigradsko-proljece.com\/web\/2015\/wp-json\/wp\/v2\/posts"}],"about":[{"href":"https:\/\/www.novigradsko-proljece.com\/web\/2015\/wp-json\/wp\/v2\/types\/post"}],"author":[{"embeddable":true,"href":"https:\/\/www.novigradsko-proljece.com\/web\/2015\/wp-json\/wp\/v2\/users\/546"}],"replies":[{"embeddable":true,"href":"https:\/\/www.novigradsko-proljece.com\/web\/2015\/wp-json\/wp\/v2\/comments?post=1213"}],"version-history":[{"count":5,"href":"https:\/\/www.novigradsko-proljece.com\/web\/2015\/wp-json\/wp\/v2\/posts\/1213\/revisions"}],"predecessor-version":[{"id":1345,"href":"https:\/\/www.novigradsko-proljece.com\/web\/2015\/wp-json\/wp\/v2\/posts\/1213\/revisions\/1345"}],"wp:featuredmedia":[{"embeddable":true,"href":"https:\/\/www.novigradsko-proljece.com\/web\/2015\/wp-json\/wp\/v2\/media\/1225"}],"wp:attachment":[{"href":"https:\/\/www.novigradsko-proljece.com\/web\/2015\/wp-json\/wp\/v2\/media?parent=1213"}],"wp:term":[{"taxonomy":"category","embeddable":true,"href":"https:\/\/www.novigradsko-proljece.com\/web\/2015\/wp-json\/wp\/v2\/categories?post=1213"},{"taxonomy":"post_tag","embeddable":true,"href":"https:\/\/www.novigradsko-proljece.com\/web\/2015\/wp-json\/wp\/v2\/tags?post=1213"}],"curies":[{"name":"wp","href":"https:\/\/api.w.org\/{rel}","templated":true}]}}