{"id":1173,"date":"2015-04-23T12:55:08","date_gmt":"2015-04-23T10:55:08","guid":{"rendered":"http:\/\/www.novigradsko-proljece.com\/web\/2015\/?p=1173"},"modified":"2015-04-23T12:55:08","modified_gmt":"2015-04-23T10:55:08","slug":"gradonacelnik-se-pronasao-u-oslikavanju","status":"publish","type":"post","link":"https:\/\/www.novigradsko-proljece.com\/web\/2015\/1173\/gradonacelnik-se-pronasao-u-oslikavanju\/","title":{"rendered":"Gradona\u010delnik se prona\u0161ao u oslikavanju"},"content":{"rendered":"<p>Gradona\u010delnik Novigrada Anteo Milos posjetio je \u0160kolu stvarala\u0161tva u \u010detvrtak u prijepodnevnim satima. Kako je ve\u0107 13 godina zaredom gradona\u010delnik, navikao je na ovo doba godine kada dolaze djeca iz cijele Hrvatske u njegov Novigrad. Ka\u017ee kako je to posebno doba godine za cijeli grad jer ga obojaju \u0161arene boje, a i grad se osvje\u017ei zbog koli\u010dine mladih ljudi u njemu. Gradona\u010delnik Milos po struci je informati\u010dar pa ga nikada nisu zanimale umjetni\u010dke stvari, no svi\u0111a mu se atmosfera ovdje i smatra da je Novigradsko prolje\u0107e najbolje \u0161to dr\u017eava mo\u017ee pru\u017eiti mladim kreativnim ljudima u procesu stvaranja. Smatra da su ovdje najbitnija djeca i njihovo mi\u0161ljenje o radionicama i voditeljima te da je to jedino mjerilo kvalitete \u0160kole stvarala\u0161tva. Na upit u koju bi radionicu oti\u0161ao da je u\u010denik odgovara da svakako ne bi oti\u0161ao u pjeva\u010dku, ali bi ga zainteresirale radionice u kojima se oslikava.<\/p>\n<p style=\"text-align: right\">Sara Borzi\u0107<\/p>\n","protected":false},"excerpt":{"rendered":"<p>Gradona\u010delnik Novigrada Anteo Milos je posjetio \u0160kolu stvarala\u0161tva.<\/p>\n","protected":false},"author":409,"featured_media":1253,"comment_status":"open","ping_status":"open","sticky":false,"template":"","format":"standard","meta":{"footnotes":""},"categories":[88,108],"tags":[224,92,95,225,188,198],"class_list":["post-1173","post","type-post","status-publish","format-standard","has-post-thumbnail","hentry","category-vijesti","category-vijesti-dana","tag-gradonacelnik","tag-novigrad","tag-novigradsko-proljece","tag-posjet","tag-skola-stvaralastva","tag-zbor"],"views":1150,"_links":{"self":[{"href":"https:\/\/www.novigradsko-proljece.com\/web\/2015\/wp-json\/wp\/v2\/posts\/1173","targetHints":{"allow":["GET"]}}],"collection":[{"href":"https:\/\/www.novigradsko-proljece.com\/web\/2015\/wp-json\/wp\/v2\/posts"}],"about":[{"href":"https:\/\/www.novigradsko-proljece.com\/web\/2015\/wp-json\/wp\/v2\/types\/post"}],"author":[{"embeddable":true,"href":"https:\/\/www.novigradsko-proljece.com\/web\/2015\/wp-json\/wp\/v2\/users\/409"}],"replies":[{"embeddable":true,"href":"https:\/\/www.novigradsko-proljece.com\/web\/2015\/wp-json\/wp\/v2\/comments?post=1173"}],"version-history":[{"count":6,"href":"https:\/\/www.novigradsko-proljece.com\/web\/2015\/wp-json\/wp\/v2\/posts\/1173\/revisions"}],"predecessor-version":[{"id":1274,"href":"https:\/\/www.novigradsko-proljece.com\/web\/2015\/wp-json\/wp\/v2\/posts\/1173\/revisions\/1274"}],"wp:featuredmedia":[{"embeddable":true,"href":"https:\/\/www.novigradsko-proljece.com\/web\/2015\/wp-json\/wp\/v2\/media\/1253"}],"wp:attachment":[{"href":"https:\/\/www.novigradsko-proljece.com\/web\/2015\/wp-json\/wp\/v2\/media?parent=1173"}],"wp:term":[{"taxonomy":"category","embeddable":true,"href":"https:\/\/www.novigradsko-proljece.com\/web\/2015\/wp-json\/wp\/v2\/categories?post=1173"},{"taxonomy":"post_tag","embeddable":true,"href":"https:\/\/www.novigradsko-proljece.com\/web\/2015\/wp-json\/wp\/v2\/tags?post=1173"}],"curies":[{"name":"wp","href":"https:\/\/api.w.org\/{rel}","templated":true}]}}