{"id":1160,"date":"2015-04-23T16:28:11","date_gmt":"2015-04-23T14:28:11","guid":{"rendered":"http:\/\/www.novigradsko-proljece.com\/web\/2015\/?p=1160"},"modified":"2015-04-23T17:57:56","modified_gmt":"2015-04-23T15:57:56","slug":"studenti-u-novigradu","status":"publish","type":"post","link":"https:\/\/www.novigradsko-proljece.com\/web\/2015\/1160\/studenti-u-novigradu\/","title":{"rendered":"Studenti u Novigradu"},"content":{"rendered":"<p>Danas, u \u010detvrtak 23. travnja 2015. do\u0161li su nam posebni gosti, studenti iz Osijeka. Na svojem u\u010diteljskom studiju govorili su o darovitosti djece pa im je profesor preporu\u010dio da do\u0111u ovdje. Htjeli su doznati kako se radi s darovitim u\u010denicima i njihova su o\u010dekivanja u potpunosti ostvarena. Studenti iz Osijeka su ovdje samo jedan dan pa nastoje \u0161to vi\u0161e iskoristiti dan i posje\u0107uju svaku radionicu kako bi vidjeli \u0161to u\u010denici rade. Svi\u0111a im se predanost radu, kada u\u0111u u u\u010dionicu svi nastavljaju s radom i nitko ih ne do\u017eivljava. Posebno im se svi\u0111a i ugodna atmosfera u cijeloj \u0161koli te ure\u0111enje \u0161kole tj. u\u010deni\u010dki slikarski radovi. Osim studenata iz Osijeka, na Novigradskom prolje\u0107u imamo i studente koji su stalno s nama, svih ovih sedam dana. Razgovarao sam s jednim od njih. Rekao mi je da je dobrovoljno do\u0161ao iz Zagreba. Studira na U\u010diteljskom fakultetu, a njegov zadatak je nadgledavanje u\u010denika i pomaganje stru\u010dnom timu. Izvrsno mu je ovdje zato \u0161to voli djecu, dobro se zabavlja i nau\u010dio je puno o radu s darovitom djecom \u0161to \u0107e mu pomo\u0107i u njegovom poslu.<\/p>\n<p>&nbsp;<\/p>\n<p>&nbsp;<\/p>\n<p style=\"text-align: right\">Petar Dundara<\/p>\n","protected":false},"excerpt":{"rendered":"<p>Studenti s U\u010diteljskog fakulteta su posjetili Novigradsko prolje\u0107e s namjerom da nau\u010de o radu s darovitom djecom. Vi\u0161e o posjetu pro\u010ditajte u \u010dlanku.<\/p>\n","protected":false},"author":248,"featured_media":1092,"comment_status":"open","ping_status":"open","sticky":false,"template":"","format":"standard","meta":{"footnotes":""},"categories":[88],"tags":[51,172],"class_list":["post-1160","post","type-post","status-publish","format-standard","has-post-thumbnail","hentry","category-vijesti","tag-strucni-tim","tag-studenti"],"views":773,"_links":{"self":[{"href":"https:\/\/www.novigradsko-proljece.com\/web\/2015\/wp-json\/wp\/v2\/posts\/1160","targetHints":{"allow":["GET"]}}],"collection":[{"href":"https:\/\/www.novigradsko-proljece.com\/web\/2015\/wp-json\/wp\/v2\/posts"}],"about":[{"href":"https:\/\/www.novigradsko-proljece.com\/web\/2015\/wp-json\/wp\/v2\/types\/post"}],"author":[{"embeddable":true,"href":"https:\/\/www.novigradsko-proljece.com\/web\/2015\/wp-json\/wp\/v2\/users\/248"}],"replies":[{"embeddable":true,"href":"https:\/\/www.novigradsko-proljece.com\/web\/2015\/wp-json\/wp\/v2\/comments?post=1160"}],"version-history":[{"count":9,"href":"https:\/\/www.novigradsko-proljece.com\/web\/2015\/wp-json\/wp\/v2\/posts\/1160\/revisions"}],"predecessor-version":[{"id":1290,"href":"https:\/\/www.novigradsko-proljece.com\/web\/2015\/wp-json\/wp\/v2\/posts\/1160\/revisions\/1290"}],"wp:featuredmedia":[{"embeddable":true,"href":"https:\/\/www.novigradsko-proljece.com\/web\/2015\/wp-json\/wp\/v2\/media\/1092"}],"wp:attachment":[{"href":"https:\/\/www.novigradsko-proljece.com\/web\/2015\/wp-json\/wp\/v2\/media?parent=1160"}],"wp:term":[{"taxonomy":"category","embeddable":true,"href":"https:\/\/www.novigradsko-proljece.com\/web\/2015\/wp-json\/wp\/v2\/categories?post=1160"},{"taxonomy":"post_tag","embeddable":true,"href":"https:\/\/www.novigradsko-proljece.com\/web\/2015\/wp-json\/wp\/v2\/tags?post=1160"}],"curies":[{"name":"wp","href":"https:\/\/api.w.org\/{rel}","templated":true}]}}