{"id":110,"date":"2015-04-19T15:52:01","date_gmt":"2015-04-19T15:52:01","guid":{"rendered":"http:\/\/www.novigradsko-proljece.com\/web\/2015\/?p=110"},"modified":"2015-04-22T10:51:16","modified_gmt":"2015-04-22T08:51:16","slug":"fotoradionica","status":"publish","type":"post","link":"https:\/\/www.novigradsko-proljece.com\/web\/2015\/110\/fotoradionica\/","title":{"rendered":"Fotoradionica"},"content":{"rendered":"<p style=\"text-align: justify\">Uz voditelja Borislava Bo\u017ei\u0107a foto-radionica svakodnevno istra\u017euje i &#8220;hvata&#8221; zanimljive sli\u010dice u \u0161koli i Novigradu, fotografiraju\u0107i njegove ljepote. Cilj ove radionice je svakodnevno obavljati razli\u010dite fotografske pothvate koje predstavljaju na kraju tjedna na svojoj vlastitoj izlo\u017ebi.<\/p>\n","protected":false},"excerpt":{"rendered":"<p>Fotoradionica zapo\u010dela s radom. <\/p>\n","protected":false},"author":20,"featured_media":651,"comment_status":"open","ping_status":"open","sticky":false,"template":"","format":"standard","meta":{"footnotes":""},"categories":[27],"tags":[47,48],"class_list":["post-110","post","type-post","status-publish","format-standard","has-post-thumbnail","hentry","category-fotoradionica","tag-fotografija","tag-fotoradionica"],"views":831,"_links":{"self":[{"href":"https:\/\/www.novigradsko-proljece.com\/web\/2015\/wp-json\/wp\/v2\/posts\/110","targetHints":{"allow":["GET"]}}],"collection":[{"href":"https:\/\/www.novigradsko-proljece.com\/web\/2015\/wp-json\/wp\/v2\/posts"}],"about":[{"href":"https:\/\/www.novigradsko-proljece.com\/web\/2015\/wp-json\/wp\/v2\/types\/post"}],"author":[{"embeddable":true,"href":"https:\/\/www.novigradsko-proljece.com\/web\/2015\/wp-json\/wp\/v2\/users\/20"}],"replies":[{"embeddable":true,"href":"https:\/\/www.novigradsko-proljece.com\/web\/2015\/wp-json\/wp\/v2\/comments?post=110"}],"version-history":[{"count":9,"href":"https:\/\/www.novigradsko-proljece.com\/web\/2015\/wp-json\/wp\/v2\/posts\/110\/revisions"}],"predecessor-version":[{"id":852,"href":"https:\/\/www.novigradsko-proljece.com\/web\/2015\/wp-json\/wp\/v2\/posts\/110\/revisions\/852"}],"wp:featuredmedia":[{"embeddable":true,"href":"https:\/\/www.novigradsko-proljece.com\/web\/2015\/wp-json\/wp\/v2\/media\/651"}],"wp:attachment":[{"href":"https:\/\/www.novigradsko-proljece.com\/web\/2015\/wp-json\/wp\/v2\/media?parent=110"}],"wp:term":[{"taxonomy":"category","embeddable":true,"href":"https:\/\/www.novigradsko-proljece.com\/web\/2015\/wp-json\/wp\/v2\/categories?post=110"},{"taxonomy":"post_tag","embeddable":true,"href":"https:\/\/www.novigradsko-proljece.com\/web\/2015\/wp-json\/wp\/v2\/tags?post=110"}],"curies":[{"name":"wp","href":"https:\/\/api.w.org\/{rel}","templated":true}]}}