{"id":1096,"date":"2015-04-23T11:15:47","date_gmt":"2015-04-23T09:15:47","guid":{"rendered":"http:\/\/www.novigradsko-proljece.com\/web\/2015\/?p=1096"},"modified":"2015-04-23T16:10:36","modified_gmt":"2015-04-23T14:10:36","slug":"videodokumentarna-radionica-2","status":"publish","type":"post","link":"https:\/\/www.novigradsko-proljece.com\/web\/2015\/1096\/videodokumentarna-radionica-2\/","title":{"rendered":"Videodokumentarna radionica"},"content":{"rendered":"<p>Gospodin Josip Kruni\u0107 ispri\u010dao nam je ne\u0161to o njihovoj radionici. Bave se snimanjem filmova i isje\u010daka te snimanjem motiva svake \u0160kole stvarala\u0161tva. Tako\u0111er su zadu\u017eeni za snimanje onoga \u0161to ostale radionice rade, te za sve doga\u0111aje, od otvorenja do zatvaranja \u0160kole stvarala\u0161tva u Novigradu. Svi ovogodi\u0161nji polaznici ove \u0160kole stvarala\u0161tva ve\u0107 znaju kako se Videodokumentarna radionica trudi kako bi prenijela u\u017eivo Novigradski dnevnik. No unato\u010d njihovom velikom trudu uvijek do\u0111e do problema, potvrdili su nam da \u0107e u petak ponovo poku\u0161ati live stream. Za razliku od nekih radionica njihove kamere nikad se ne gase, \u010dak ni preko pauze. Uspjeli smo tako\u0111er zaustaviti nekoliko sudionika te radionice i postavili im par pitanja; za\u0161to su tu radionicu odabrali, koja im je ovo godina u toj radionici, ne\u0161to o posljedicama nestanka interneta i sl. Ve\u0107ina njih odabrala je ovu radionicu radi toga \u0161to ve\u0107 imaju iskustva u radu s kamerom. \u0160to se ti\u010de interneta, nisu ba\u0161 time bili zadovoljni, no i tako su uspjeli napredovati u svom radu, to ih je jo\u0161 vi\u0161e motiviralo. Nisu gubili vrijeme. Tako\u0111er smo popri\u010dali s gospodinom Josipom Kruni\u0107em o njegovom dokumentarcu &#8220;Ku\u0107a puna Save&#8221;. Govorio nam je o tome kako i koliko dugo im je trebalo da snime taj dokumentarac. Naime, radi toga \u0161to je policija i vojska \u0161titila ulaz u grad, te\u0161ko je bilo snimati unutar grada. Sve je to bilo mogu\u0107e samo radi toga \u0161to je gospodin Kruni\u0107 stigao na mjesto gdje se nalazila sva njegova oprema, odnosno u SKIG. Sa svom opremom koju su stigli na vrijeme spasiti, uspjeli su snimiti taj dokumentarac. \u010clanovi SKIGa bili u timu za snimanje. Radi njihovog velikog truda, unato\u010d svih elementarnim nepogodama, oni su uspjeli snimiti najbolji dokumentarac o poplavama u Gunji.<\/p>\n<p><iframe loading=\"lazy\" width=\"806\" height=\"453\" src=\"https:\/\/www.youtube.com\/embed\/OGWiUep5oAg?feature=oembed\" frameborder=\"0\" allowfullscreen><\/iframe><\/p>\n<p style=\"text-align: right\">\u00a0 \u00a0 \u00a0 \u00a0 \u00a0 \u00a0 \u00a0 \u00a0 \u00a0 \u00a0 \u00a0 \u00a0 \u00a0 \u00a0 \u00a0 \u00a0 \u00a0 \u00a0 \u00a0 \u00a0 \u00a0 \u00a0 \u00a0 \u00a0 \u00a0 Ivan Balati\u0107<\/p>\n","protected":false},"excerpt":{"rendered":"<p>Rad u Videodokumentarnoj radionici tijekom ovih dana.<\/p>\n","protected":false},"author":427,"featured_media":1151,"comment_status":"open","ping_status":"open","sticky":false,"template":"","format":"video","meta":{"footnotes":""},"categories":[15],"tags":[219,218],"class_list":["post-1096","post","type-post","status-publish","format-video","has-post-thumbnail","hentry","category-videodokumentarna-radionica","tag-dokumentarna","tag-video","post_format-post-format-video"],"views":893,"_links":{"self":[{"href":"https:\/\/www.novigradsko-proljece.com\/web\/2015\/wp-json\/wp\/v2\/posts\/1096","targetHints":{"allow":["GET"]}}],"collection":[{"href":"https:\/\/www.novigradsko-proljece.com\/web\/2015\/wp-json\/wp\/v2\/posts"}],"about":[{"href":"https:\/\/www.novigradsko-proljece.com\/web\/2015\/wp-json\/wp\/v2\/types\/post"}],"author":[{"embeddable":true,"href":"https:\/\/www.novigradsko-proljece.com\/web\/2015\/wp-json\/wp\/v2\/users\/427"}],"replies":[{"embeddable":true,"href":"https:\/\/www.novigradsko-proljece.com\/web\/2015\/wp-json\/wp\/v2\/comments?post=1096"}],"version-history":[{"count":7,"href":"https:\/\/www.novigradsko-proljece.com\/web\/2015\/wp-json\/wp\/v2\/posts\/1096\/revisions"}],"predecessor-version":[{"id":1275,"href":"https:\/\/www.novigradsko-proljece.com\/web\/2015\/wp-json\/wp\/v2\/posts\/1096\/revisions\/1275"}],"wp:featuredmedia":[{"embeddable":true,"href":"https:\/\/www.novigradsko-proljece.com\/web\/2015\/wp-json\/wp\/v2\/media\/1151"}],"wp:attachment":[{"href":"https:\/\/www.novigradsko-proljece.com\/web\/2015\/wp-json\/wp\/v2\/media?parent=1096"}],"wp:term":[{"taxonomy":"category","embeddable":true,"href":"https:\/\/www.novigradsko-proljece.com\/web\/2015\/wp-json\/wp\/v2\/categories?post=1096"},{"taxonomy":"post_tag","embeddable":true,"href":"https:\/\/www.novigradsko-proljece.com\/web\/2015\/wp-json\/wp\/v2\/tags?post=1096"}],"curies":[{"name":"wp","href":"https:\/\/api.w.org\/{rel}","templated":true}]}}