{"id":1088,"date":"2015-04-22T18:53:55","date_gmt":"2015-04-22T16:53:55","guid":{"rendered":"http:\/\/www.novigradsko-proljece.com\/web\/2015\/?p=1088"},"modified":"2015-04-23T11:17:58","modified_gmt":"2015-04-23T09:17:58","slug":"raspjevano-veselo-drustvo","status":"publish","type":"post","link":"https:\/\/www.novigradsko-proljece.com\/web\/2015\/1088\/raspjevano-veselo-drustvo\/","title":{"rendered":"Raspjevano, veselo dru\u0161tvo"},"content":{"rendered":"<p><strong>Radionica pjevanja, \u010detvrti dan<\/strong><\/p>\n<p>Radionica pjevanja najbrojnija je i najveselija radionica na Novigradskom prolje\u0107u. Razgovarala sam s pjeva\u010dki raspolo\u017eenim dru\u0161tvom i saznala kako su im protekli prvi dani Prolje\u0107a u Novigradu.<\/p>\n<p>Radionicu pjevanja \u010dini \u0161arolika skupina u\u010denika od petog razreda osnovne \u0161kole do tre\u0107eg razreda srednje \u0161kole i svi se sla\u017eu da je Novigradsko prolje\u0107e i njihova Radionica odli\u010dna. Pjesma ih naravno prati tijekom cijeloga dana, ali osim pjevanja, u\u010de i dikciju, razli\u010dite tehnike pjevanja, note, ritam,\u00a0 melodiju, razvijaju slu\u0161ne i glasovne sposobnosti. Posebno treba istaknuti rad u grupi koji je posebno va\u017ean da bi zbor funkcionirao.<\/p>\n<p>Sudionici bi voljeli da Novigradsko prolje\u0107e traje vi\u0161e od 7 dana ili da je svaki dan u \u0161koli kao na Novigradskom prolje\u0107u. Osim pjevanja koje ih povezuje tu je i dru\u0161tvo i zabava koji su dodatni motiv za sudjelovanje. Kao najbolje stvari isti\u010du: otvorenost za nove ideje, ljubaznost u\u010ditelja, \u0161to, kako ka\u017eu u\u010denice, nije ba\u0161 svakodnevica u njihovim \u0161kolama.<\/p>\n<p>Sudionici Radionice pjevanja uveselit \u0107e nas svojim nastupom na koncertu u crkvi sv. Pelagija izvode\u0107i poznate pjesme. Isto tako na zavr\u0161nom zatvaranju izvodit \u0107e pjesme koje su nastale na Novigradskom prolje\u0107u, a napisali su ih sudionici Literarne radionice, a uglazbili na Skladateljskoj radionici.<\/p>\n<p>Na kraju zahvaljujem voditeljici radionice Doris Kova\u010di\u0107 i u\u010denicima Anamariji, Dori, Gabrijeli, Ani i Melanie na lijepom razgovoru i pjevu\u0161e\u0107i melodiju, izlazim iz u\u010dionice.<\/p>\n<p style=\"padding-left: 420px\">Sanja Gregorini\u0107<\/p>\n","protected":false},"excerpt":{"rendered":"<p>Radionica pjevanja najbrojnija je i najveselija radionica na Novigradskom prolje\u0107u. Razgovarala sam s pjeva\u010dki raspolo\u017eenim dru\u0161tvom i saznala kako su im protekli prvi dani Prolje\u0107a u Novigradu.<\/p>\n","protected":false},"author":539,"featured_media":1093,"comment_status":"open","ping_status":"open","sticky":false,"template":"","format":"standard","meta":{"footnotes":""},"categories":[18],"tags":[116,197,198],"class_list":["post-1088","post","type-post","status-publish","format-standard","has-post-thumbnail","hentry","category-radionica-pjevanja","tag-koncert","tag-radionica-pjevanja","tag-zbor"],"views":891,"_links":{"self":[{"href":"https:\/\/www.novigradsko-proljece.com\/web\/2015\/wp-json\/wp\/v2\/posts\/1088","targetHints":{"allow":["GET"]}}],"collection":[{"href":"https:\/\/www.novigradsko-proljece.com\/web\/2015\/wp-json\/wp\/v2\/posts"}],"about":[{"href":"https:\/\/www.novigradsko-proljece.com\/web\/2015\/wp-json\/wp\/v2\/types\/post"}],"author":[{"embeddable":true,"href":"https:\/\/www.novigradsko-proljece.com\/web\/2015\/wp-json\/wp\/v2\/users\/539"}],"replies":[{"embeddable":true,"href":"https:\/\/www.novigradsko-proljece.com\/web\/2015\/wp-json\/wp\/v2\/comments?post=1088"}],"version-history":[{"count":4,"href":"https:\/\/www.novigradsko-proljece.com\/web\/2015\/wp-json\/wp\/v2\/posts\/1088\/revisions"}],"predecessor-version":[{"id":1204,"href":"https:\/\/www.novigradsko-proljece.com\/web\/2015\/wp-json\/wp\/v2\/posts\/1088\/revisions\/1204"}],"wp:featuredmedia":[{"embeddable":true,"href":"https:\/\/www.novigradsko-proljece.com\/web\/2015\/wp-json\/wp\/v2\/media\/1093"}],"wp:attachment":[{"href":"https:\/\/www.novigradsko-proljece.com\/web\/2015\/wp-json\/wp\/v2\/media?parent=1088"}],"wp:term":[{"taxonomy":"category","embeddable":true,"href":"https:\/\/www.novigradsko-proljece.com\/web\/2015\/wp-json\/wp\/v2\/categories?post=1088"},{"taxonomy":"post_tag","embeddable":true,"href":"https:\/\/www.novigradsko-proljece.com\/web\/2015\/wp-json\/wp\/v2\/tags?post=1088"}],"curies":[{"name":"wp","href":"https:\/\/api.w.org\/{rel}","templated":true}]}}