{"id":1008,"date":"2015-04-22T17:00:19","date_gmt":"2015-04-22T15:00:19","guid":{"rendered":"http:\/\/www.novigradsko-proljece.com\/web\/2015\/?p=1008"},"modified":"2015-04-24T16:36:51","modified_gmt":"2015-04-24T14:36:51","slug":"snimljena-milenijska-fotografija","status":"publish","type":"post","link":"https:\/\/www.novigradsko-proljece.com\/web\/2015\/1008\/snimljena-milenijska-fotografija\/","title":{"rendered":"Snimljena milenijska fotografija"},"content":{"rendered":"<p><a href=\"http:\/\/www.novigradsko-proljece.com\/web\/2015\/wp-content\/uploads\/sites\/6\/2015\/04\/SKUPNA-2.jpg\"><img loading=\"lazy\" decoding=\"async\" class=\"alignnone  wp-image-1298\" src=\"http:\/\/www.novigradsko-proljece.com\/web\/2015\/wp-content\/uploads\/sites\/6\/2015\/04\/SKUPNA-2-300x191.jpg\" alt=\"Milenijska fotografija(40)\" width=\"379\" height=\"241\" srcset=\"https:\/\/www.novigradsko-proljece.com\/web\/2015\/wp-content\/uploads\/sites\/6\/2015\/04\/SKUPNA-2-300x191.jpg 300w, https:\/\/www.novigradsko-proljece.com\/web\/2015\/wp-content\/uploads\/sites\/6\/2015\/04\/SKUPNA-2-1024x652.jpg 1024w, https:\/\/www.novigradsko-proljece.com\/web\/2015\/wp-content\/uploads\/sites\/6\/2015\/04\/SKUPNA-2.jpg 1772w\" sizes=\"auto, (max-width: 379px) 100vw, 379px\" \/><\/a> <a href=\"http:\/\/www.novigradsko-proljece.com\/web\/2015\/wp-content\/uploads\/sites\/6\/2015\/04\/SKUPNA-1.jpg\"><img loading=\"lazy\" decoding=\"async\" class=\"alignnone  wp-image-1297\" src=\"http:\/\/www.novigradsko-proljece.com\/web\/2015\/wp-content\/uploads\/sites\/6\/2015\/04\/SKUPNA-1-300x199.jpg\" alt=\"Milenijska fotografija(26)\" width=\"380\" height=\"252\" srcset=\"https:\/\/www.novigradsko-proljece.com\/web\/2015\/wp-content\/uploads\/sites\/6\/2015\/04\/SKUPNA-1-300x199.jpg 300w, https:\/\/www.novigradsko-proljece.com\/web\/2015\/wp-content\/uploads\/sites\/6\/2015\/04\/SKUPNA-1-1024x680.jpg 1024w, https:\/\/www.novigradsko-proljece.com\/web\/2015\/wp-content\/uploads\/sites\/6\/2015\/04\/SKUPNA-1.jpg 1772w\" sizes=\"auto, (max-width: 380px) 100vw, 380px\" \/><\/a><\/p>\n<p>U srijedu u poslijepodnevnim satima na parkirali\u0161tu gradske sportske dvorane okupili su se svi polaznici \u0160kole stvarala\u0161tva: u\u010denici, hospitanti, asistenti, voditelji radionica i stru\u010dni tim. Svojim su tijelima formirali broj 26 koji predstavlja broj ovogodi\u0161njeg Novigradskog prolje\u0107a i 40 &#8211; broj godina \u0160kole stvarala\u0161tva. Fotografiju je s dizalice snimio voditelj Fotografske radionice Borislav Bo\u017ei\u0107. Za fotografiranje su se svi posebno uredili, a dojmljiv je bio zajedni\u010dki odlazak do \u0161kole na popodnevne radionice gdje se je, u podu\u017eoj koloni, osje\u0107ao duh zajedni\u0161tva i prijateljstva.<\/p>\n<p style=\"text-align: right\">Tanja Radikovi\u0107<\/p>\n","protected":false},"excerpt":{"rendered":"<p>U srijedu u poslijepodnevnim satima na parkirali\u0161tu gradske sportske dvorane okupili su se svi polaznici \u0160kole stvarala\u0161tva: u\u010denici, hospitanti, asistenti, voditelji radionica i stru\u010dni tim. Svojim su tijelima formirali broj 26 koji predstavlja broj ovogodi\u0161njeg Novigradskog prolje\u0107a i 40 &#8211; broj godina \u0160kole stvarala\u0161tva. Fotografiju je s dizalice snimio voditelj Fotografske radionice Borislav Bo\u017ei\u0107. Za [&hellip;]<\/p>\n","protected":false},"author":541,"featured_media":1298,"comment_status":"open","ping_status":"open","sticky":false,"template":"","format":"gallery","meta":{"footnotes":""},"categories":[88,108],"tags":[82,186],"class_list":["post-1008","post","type-post","status-publish","format-gallery","has-post-thumbnail","hentry","category-vijesti","category-vijesti-dana","tag-milenijska-fotografija","tag-sudionici","post_format-post-format-gallery"],"views":1259,"_links":{"self":[{"href":"https:\/\/www.novigradsko-proljece.com\/web\/2015\/wp-json\/wp\/v2\/posts\/1008","targetHints":{"allow":["GET"]}}],"collection":[{"href":"https:\/\/www.novigradsko-proljece.com\/web\/2015\/wp-json\/wp\/v2\/posts"}],"about":[{"href":"https:\/\/www.novigradsko-proljece.com\/web\/2015\/wp-json\/wp\/v2\/types\/post"}],"author":[{"embeddable":true,"href":"https:\/\/www.novigradsko-proljece.com\/web\/2015\/wp-json\/wp\/v2\/users\/541"}],"replies":[{"embeddable":true,"href":"https:\/\/www.novigradsko-proljece.com\/web\/2015\/wp-json\/wp\/v2\/comments?post=1008"}],"version-history":[{"count":13,"href":"https:\/\/www.novigradsko-proljece.com\/web\/2015\/wp-json\/wp\/v2\/posts\/1008\/revisions"}],"predecessor-version":[{"id":1504,"href":"https:\/\/www.novigradsko-proljece.com\/web\/2015\/wp-json\/wp\/v2\/posts\/1008\/revisions\/1504"}],"wp:featuredmedia":[{"embeddable":true,"href":"https:\/\/www.novigradsko-proljece.com\/web\/2015\/wp-json\/wp\/v2\/media\/1298"}],"wp:attachment":[{"href":"https:\/\/www.novigradsko-proljece.com\/web\/2015\/wp-json\/wp\/v2\/media?parent=1008"}],"wp:term":[{"taxonomy":"category","embeddable":true,"href":"https:\/\/www.novigradsko-proljece.com\/web\/2015\/wp-json\/wp\/v2\/categories?post=1008"},{"taxonomy":"post_tag","embeddable":true,"href":"https:\/\/www.novigradsko-proljece.com\/web\/2015\/wp-json\/wp\/v2\/tags?post=1008"}],"curies":[{"name":"wp","href":"https:\/\/api.w.org\/{rel}","templated":true}]}}