{"id":51,"date":"2019-04-08T17:04:39","date_gmt":"2019-04-08T15:04:39","guid":{"rendered":"http:\/\/www.novigradsko-proljece.com\/web\/2019\/?p=51"},"modified":"2019-04-12T10:57:23","modified_gmt":"2019-04-12T08:57:23","slug":"dolazak-u-novigrad","status":"publish","type":"post","link":"http:\/\/www.novigradsko-proljece.com\/web\/2019\/2019\/04\/08\/dolazak-u-novigrad\/","title":{"rendered":"Dolazak u Novigrad"},"content":{"rendered":"<div style=\"float:left;margin-right:10px;\"><iframe loading=\"lazy\" height=\"69\" width=\"53\" src=\"http:\/\/widgets.fbshare.me\/files\/fbshare.php?url=http:\/\/www.novigradsko-proljece.com\/web\/2019\/2019\/04\/08\/dolazak-u-novigrad\/&title=Dolazak u Novigrad&size=large\" frameborder=\"0\" scrolling=\"no\" allowtransparency=\"true\"><\/iframe><\/div><p>Krenula sam u Novigrad iz Klanjca s prijateljicama oko 14:15. Jedva smo na\u0161le mjesto u autobusu. Bilo je prepuno! Vozili smo se oko 4 sata. Kada smo napokon stigli, jedva smo \u010dekale vidjeti hotel. \u010cim smo u\u0161le,\u00a0 oti\u0161le smo se prijaviti, uzele klju\u010d od sobe, smjestile se i raspakirale kofere.<\/p>\n<p>Bio je tek prvi dan, a ve\u0107 smo upoznale puno prijatelja. Cure s kojima se dru\u017eim po cijele dane su zakon i ba\u0161 nam je zabavno. Iako nas vrijeme ba\u0161 ne slu\u017ei, to na\u0161e dru\u017eenje mo\u017eemo shvatiti kao primjer svjetla u tami. Vjerujem da \u0107emo se nastaviti dru\u017eiti i nakon Novigradskog prolje\u0107a.<\/p>\n<p style=\"text-align: left\">Ella I\u0161ek<\/p>\n","protected":false},"excerpt":{"rendered":"<p>Krenula sam u Novigrad iz Klanjca s prijateljicama oko 14:15. Jedva smo na\u0161le mjesto u autobusu. Bilo je prepuno! Vozili smo se oko 4 sata. Kada smo napokon stigli, jedva smo \u010dekale vidjeti hotel.&#46;&#46;&#46;<\/p>\n","protected":false},"author":1978,"featured_media":759,"comment_status":"open","ping_status":"open","sticky":false,"template":"","format":"standard","meta":{"jetpack_post_was_ever_published":false,"_jetpack_newsletter_access":"","_jetpack_dont_email_post_to_subs":false,"_jetpack_newsletter_tier_id":0,"_jetpack_memberships_contains_paywalled_content":false,"_jetpack_memberships_contains_paid_content":false,"footnotes":"","jetpack_publicize_message":"","jetpack_publicize_feature_enabled":true,"jetpack_social_post_already_shared":true,"jetpack_social_options":{"image_generator_settings":{"template":"highway","default_image_id":0,"font":"","enabled":false},"version":2}},"categories":[13,7],"tags":[37,38,39],"class_list":["post-51","post","type-post","status-publish","format-standard","has-post-thumbnail","hentry","category-svjetlo","category-vijesti","tag-autobus","tag-kofer","tag-prijatelji"],"jetpack_publicize_connections":[],"jetpack_featured_media_url":"http:\/\/www.novigradsko-proljece.com\/web\/2019\/wp-content\/uploads\/sites\/11\/2019\/04\/bus.jpg","jetpack_sharing_enabled":true,"jetpack_shortlink":"https:\/\/wp.me\/paSBYO-P","_links":{"self":[{"href":"http:\/\/www.novigradsko-proljece.com\/web\/2019\/wp-json\/wp\/v2\/posts\/51","targetHints":{"allow":["GET"]}}],"collection":[{"href":"http:\/\/www.novigradsko-proljece.com\/web\/2019\/wp-json\/wp\/v2\/posts"}],"about":[{"href":"http:\/\/www.novigradsko-proljece.com\/web\/2019\/wp-json\/wp\/v2\/types\/post"}],"author":[{"embeddable":true,"href":"http:\/\/www.novigradsko-proljece.com\/web\/2019\/wp-json\/wp\/v2\/users\/1978"}],"replies":[{"embeddable":true,"href":"http:\/\/www.novigradsko-proljece.com\/web\/2019\/wp-json\/wp\/v2\/comments?post=51"}],"version-history":[{"count":9,"href":"http:\/\/www.novigradsko-proljece.com\/web\/2019\/wp-json\/wp\/v2\/posts\/51\/revisions"}],"predecessor-version":[{"id":760,"href":"http:\/\/www.novigradsko-proljece.com\/web\/2019\/wp-json\/wp\/v2\/posts\/51\/revisions\/760"}],"wp:featuredmedia":[{"embeddable":true,"href":"http:\/\/www.novigradsko-proljece.com\/web\/2019\/wp-json\/wp\/v2\/media\/759"}],"wp:attachment":[{"href":"http:\/\/www.novigradsko-proljece.com\/web\/2019\/wp-json\/wp\/v2\/media?parent=51"}],"wp:term":[{"taxonomy":"category","embeddable":true,"href":"http:\/\/www.novigradsko-proljece.com\/web\/2019\/wp-json\/wp\/v2\/categories?post=51"},{"taxonomy":"post_tag","embeddable":true,"href":"http:\/\/www.novigradsko-proljece.com\/web\/2019\/wp-json\/wp\/v2\/tags?post=51"}],"curies":[{"name":"wp","href":"https:\/\/api.w.org\/{rel}","templated":true}]}}