{"id":244,"date":"2019-04-09T18:08:39","date_gmt":"2019-04-09T16:08:39","guid":{"rendered":"http:\/\/www.novigradsko-proljece.com\/web\/2019\/?p=244"},"modified":"2019-04-11T16:50:43","modified_gmt":"2019-04-11T14:50:43","slug":"dan-u-skladateljskoj-radionici","status":"publish","type":"post","link":"http:\/\/www.novigradsko-proljece.com\/web\/2019\/2019\/04\/09\/dan-u-skladateljskoj-radionici\/","title":{"rendered":"Dan u skladateljskoj radionici"},"content":{"rendered":"<div style=\"float:left;margin-right:10px;\"><iframe loading=\"lazy\" height=\"69\" width=\"53\" src=\"http:\/\/widgets.fbshare.me\/files\/fbshare.php?url=http:\/\/www.novigradsko-proljece.com\/web\/2019\/2019\/04\/09\/dan-u-skladateljskoj-radionici\/&title=Dan u skladateljskoj radionici&size=large\" frameborder=\"0\" scrolling=\"no\" allowtransparency=\"true\"><\/iframe><\/div><p>Posjetili smo Skladateljsku radionicu te intervjuirali voditeljicu radionice Mirjanu \u017du\u017ei\u0107 i polaznika Roka \u017dgombu.<\/p>\n<p><img loading=\"lazy\" decoding=\"async\" class=\"alignnone wp-image-428 size-full\" src=\"http:\/\/www.novigradsko-proljece.com\/web\/2019\/wp-content\/uploads\/sites\/11\/2019\/04\/7.-Jurica-Jami\u0107-Skladateljska-radionica-1-1.jpg\" alt=\"\" width=\"1024\" height=\"576\" srcset=\"http:\/\/www.novigradsko-proljece.com\/web\/2019\/wp-content\/uploads\/sites\/11\/2019\/04\/7.-Jurica-Jami\u0107-Skladateljska-radionica-1-1.jpg 1024w, http:\/\/www.novigradsko-proljece.com\/web\/2019\/wp-content\/uploads\/sites\/11\/2019\/04\/7.-Jurica-Jami\u0107-Skladateljska-radionica-1-1-300x169.jpg 300w, http:\/\/www.novigradsko-proljece.com\/web\/2019\/wp-content\/uploads\/sites\/11\/2019\/04\/7.-Jurica-Jami\u0107-Skladateljska-radionica-1-1-768x432.jpg 768w\" sizes=\"auto, (max-width: 1024px) 100vw, 1024px\" \/><\/p>\n<p><strong>Mo\u017eete li nam re\u0107i \u0161to radite na va\u0161oj radionici?<\/strong><\/p>\n<p>Ovo je skladanje. To je radionica na kojoj mi na odre\u0111eni tekst stvaramo melodije.<\/p>\n<p><strong>Kako povezujete svoju radionicu s ovogodi\u0161njom temom (svjetlo\u0161\u0107u)?<\/strong><\/p>\n<p>Imamo pjesme na temu svjetla, a ako nam ne\u0161to nedostaje, onda mi to sebi sami dodajemo. Nemamo\u00a0 problema u dobivanju tekstova jer su poznati pjesnici Jo\u017ea Prudeus i Ljubica Kolari\u0107 Dumi\u0107 posebno za nas napisali pjesme o svjetlu.<\/p>\n<p><img loading=\"lazy\" decoding=\"async\" class=\"alignnone size-medium wp-image-429\" src=\"http:\/\/www.novigradsko-proljece.com\/web\/2019\/wp-content\/uploads\/sites\/11\/2019\/04\/7.-Jurica-Jami\u0107-Skladateljska-radionica-4-300x169.jpg\" alt=\"\" width=\"300\" height=\"169\" srcset=\"http:\/\/www.novigradsko-proljece.com\/web\/2019\/wp-content\/uploads\/sites\/11\/2019\/04\/7.-Jurica-Jami\u0107-Skladateljska-radionica-4-300x169.jpg 300w, http:\/\/www.novigradsko-proljece.com\/web\/2019\/wp-content\/uploads\/sites\/11\/2019\/04\/7.-Jurica-Jami\u0107-Skladateljska-radionica-4-768x432.jpg 768w, http:\/\/www.novigradsko-proljece.com\/web\/2019\/wp-content\/uploads\/sites\/11\/2019\/04\/7.-Jurica-Jami\u0107-Skladateljska-radionica-4.jpg 1024w\" sizes=\"auto, (max-width: 300px) 100vw, 300px\" \/> \u00a0 \u00a0 \u00a0 \u00a0 \u00a0 \u00a0 <img loading=\"lazy\" decoding=\"async\" class=\"alignnone size-medium wp-image-430\" src=\"http:\/\/www.novigradsko-proljece.com\/web\/2019\/wp-content\/uploads\/sites\/11\/2019\/04\/7.-Jurica-Jami\u0107-Skladateljska-radionica-5-300x169.jpg\" alt=\"\" width=\"300\" height=\"169\" srcset=\"http:\/\/www.novigradsko-proljece.com\/web\/2019\/wp-content\/uploads\/sites\/11\/2019\/04\/7.-Jurica-Jami\u0107-Skladateljska-radionica-5-300x169.jpg 300w, http:\/\/www.novigradsko-proljece.com\/web\/2019\/wp-content\/uploads\/sites\/11\/2019\/04\/7.-Jurica-Jami\u0107-Skladateljska-radionica-5-768x432.jpg 768w, http:\/\/www.novigradsko-proljece.com\/web\/2019\/wp-content\/uploads\/sites\/11\/2019\/04\/7.-Jurica-Jami\u0107-Skladateljska-radionica-5.jpg 1024w\" sizes=\"auto, (max-width: 300px) 100vw, 300px\" \/><\/p>\n<p><strong>Kakav je osje\u0107aj voditi radionicu?<\/strong><\/p>\n<p>Ja 30 godina vodim radionicu, ali mogu ti re\u0107i samo jednu stvar, da je svake godine novi izazov. Dolaze nam nova djeca, neki me prate i po dvije, tri\u00a0 godine i to su u\u010denici koji su kao moja djeca. Svako dijete koje do\u0111e za mene je jedan poseban poticaj da s mnogo volje i ljubavi radim s njima.<\/p>\n<p><strong>Roko, kako si se odlu\u010dio za ovu radionicu?<\/strong><br \/>\nJa sam se odlu\u010dio tako \u0161to su mi nastavnici predlo\u017eili da idem na ovu radionicu, a odlu\u010dio sam se za nju zato \u0161to sam \u017eelio vidjeti\u00a0 kako su to veliki umjetnici stvarali skladbe i zanimalo me je li to te\u0161ko ili vrlo lako.<\/p>\n<p><strong>\u0160to misli\u0161 o ovogodi\u0161njoj temi?<\/strong><\/p>\n<p>Ova tema je odli\u010dna jer i u svakodnevnom \u017eivotu mo\u017eemo vidjeti svjetlost. Tema <em>svjetlost<\/em> nas sve povezuje.<\/p>\n<p><strong>\u0160to radi\u0161 na ovoj radionici?<\/strong><\/p>\n<p>Na ovoj radionici dobijemo tekstove i od tekstova napravimo jednu skladbu\u00a0 koja se mo\u017ee otpjevati na nastupu.<\/p>\n<p><strong>\u0160to si nau\u010dio dosad na radionici?<\/strong><\/p>\n<p>Nau\u010dio sam kako povezati rije\u010di u note, kako to otpjevati i prilagoditi note rije\u010dima.<\/p>\n<p><strong>Kada si se po\u010deo baviti skladanjem?<\/strong><\/p>\n<p>Skladanjem sam se po\u010deo baviti pro\u0161le godine kad sam ovamo do\u0161ao.<\/p>\n<p><em>\u00a0Fran Ro\u0161ko<\/em><\/p>\n<p><em>foto: Jurica Jami\u0107<\/em><\/p>\n","protected":false},"excerpt":{"rendered":"<p>Posjetili smo Skladateljsku radionicu te intervjuirali voditeljicu radionice Mirjanu \u017du\u017ei\u0107 i polaznika Roka \u017dgombu. Mo\u017eete li nam re\u0107i \u0161to radite na va\u0161oj radionici? Ovo je skladanje. To je radionica na kojoj mi na odre\u0111eni&#46;&#46;&#46;<\/p>\n","protected":false},"author":1957,"featured_media":1087,"comment_status":"open","ping_status":"open","sticky":false,"template":"","format":"standard","meta":{"jetpack_post_was_ever_published":false,"_jetpack_newsletter_access":"","_jetpack_dont_email_post_to_subs":false,"_jetpack_newsletter_tier_id":0,"_jetpack_memberships_contains_paywalled_content":false,"_jetpack_memberships_contains_paid_content":false,"footnotes":"","jetpack_publicize_message":"","jetpack_publicize_feature_enabled":true,"jetpack_social_post_already_shared":true,"jetpack_social_options":{"image_generator_settings":{"template":"highway","default_image_id":0,"font":"","enabled":false},"version":2}},"categories":[10],"tags":[33,106,105],"class_list":["post-244","post","type-post","status-publish","format-standard","has-post-thumbnail","hentry","category-zvuk","tag-glazba","tag-note","tag-skladatelji"],"jetpack_publicize_connections":[],"jetpack_featured_media_url":"http:\/\/www.novigradsko-proljece.com\/web\/2019\/wp-content\/uploads\/sites\/11\/2019\/04\/7.-Jurica-Jami\u0107-Skladateljska-radionica-6-320x320-2.jpg","jetpack_sharing_enabled":true,"jetpack_shortlink":"https:\/\/wp.me\/paSBYO-3W","_links":{"self":[{"href":"http:\/\/www.novigradsko-proljece.com\/web\/2019\/wp-json\/wp\/v2\/posts\/244","targetHints":{"allow":["GET"]}}],"collection":[{"href":"http:\/\/www.novigradsko-proljece.com\/web\/2019\/wp-json\/wp\/v2\/posts"}],"about":[{"href":"http:\/\/www.novigradsko-proljece.com\/web\/2019\/wp-json\/wp\/v2\/types\/post"}],"author":[{"embeddable":true,"href":"http:\/\/www.novigradsko-proljece.com\/web\/2019\/wp-json\/wp\/v2\/users\/1957"}],"replies":[{"embeddable":true,"href":"http:\/\/www.novigradsko-proljece.com\/web\/2019\/wp-json\/wp\/v2\/comments?post=244"}],"version-history":[{"count":7,"href":"http:\/\/www.novigradsko-proljece.com\/web\/2019\/wp-json\/wp\/v2\/posts\/244\/revisions"}],"predecessor-version":[{"id":431,"href":"http:\/\/www.novigradsko-proljece.com\/web\/2019\/wp-json\/wp\/v2\/posts\/244\/revisions\/431"}],"wp:featuredmedia":[{"embeddable":true,"href":"http:\/\/www.novigradsko-proljece.com\/web\/2019\/wp-json\/wp\/v2\/media\/1087"}],"wp:attachment":[{"href":"http:\/\/www.novigradsko-proljece.com\/web\/2019\/wp-json\/wp\/v2\/media?parent=244"}],"wp:term":[{"taxonomy":"category","embeddable":true,"href":"http:\/\/www.novigradsko-proljece.com\/web\/2019\/wp-json\/wp\/v2\/categories?post=244"},{"taxonomy":"post_tag","embeddable":true,"href":"http:\/\/www.novigradsko-proljece.com\/web\/2019\/wp-json\/wp\/v2\/tags?post=244"}],"curies":[{"name":"wp","href":"https:\/\/api.w.org\/{rel}","templated":true}]}}